{"id":135134,"date":"2026-02-03T11:46:25","date_gmt":"2026-02-03T11:46:25","guid":{"rendered":"https:\/\/rdnews.al\/?p=135134"},"modified":"2026-02-03T11:46:25","modified_gmt":"2026-02-03T11:46:25","slug":"berisha-rama-beri-grusht-shteti-ne-kuvend-pergjigjen-e-merituar-do-e-marre-nga-qytetaret-me-10-shkurt","status":"publish","type":"post","link":"https:\/\/rdnews.al\/index.php\/2026\/02\/03\/berisha-rama-beri-grusht-shteti-ne-kuvend-pergjigjen-e-merituar-do-e-marre-nga-qytetaret-me-10-shkurt\/","title":{"rendered":"Berisha: Rama b\u00ebri grusht shteti n\u00eb Kuvend, p\u00ebrgjigjen e merituar do e marr\u00eb nga qytetar\u00ebt m\u00eb 10 shkurt"},"content":{"rendered":"<p>Kryetari i PD, Sali Berisha, gjat\u00eb nj\u00eb prononcimi p\u00ebr mediat jasht\u00eb sall\u00ebs s\u00eb Kuvendit tha se, Rama b\u00ebri grusht shteti n\u00eb Kuvend, p\u00ebrgjigjen e merituar do e marr\u00eb nga qytetar\u00ebt m\u00eb 10 shkurt.<\/p>\n<p>Berisha tha se, \u00ebsht\u00eb sot koha m\u00eb shum\u00eb se kurr\u00eb 10 shkurti t\u00eb shnd\u00ebrrohet n\u00eb dit\u00ebn e viganit, n\u00eb dit\u00ebn e uraganit t\u00eb fuqish\u00ebm t\u00eb liris\u00eb, t\u00eb shqiptar\u00ebve dhe t\u00eb p\u00ebrmbysjes s\u00eb k\u00ebtij regjimi t\u00eb urryer.<\/p>\n<p>Parlamenti \u00ebsht\u00eb transformuar n\u00eb nj\u00eb mburoj\u00eb, n\u00eb nj\u00eb parzmore t\u00eb vjedhjeve t\u00eb pap\u00ebrmbajtura, t\u00eb pla\u00e7kitjes s\u00eb pap\u00ebrmbajtur t\u00eb Edi Ram\u00ebs, Lubi Ballukut dhe an\u00ebtar\u00ebve t\u00eb tjer\u00eb t\u00eb organizat\u00ebs kriminale q\u00eb kryeson Edi Rama.<\/p>\n<p>Sot, parlamenti p\u00ebrs\u00ebri mblidhet, diskuton gjith\u00e7ka vet\u00ebm e vet\u00ebm q\u00eb t\u00eb shurdhoj\u00eb, vet\u00ebm e vet\u00ebm q\u00eb t\u00eb mbuloj\u00eb krimin monstruoz q\u00eb ka kryer, grushtin e shtetit, Edi Rama n\u00ebp\u00ebrmjet tij, duke marr\u00eb pushtetin e drejt\u00ebsis\u00eb, duke bllokuar prokurorin\u00eb dhe t\u00eb drejt\u00ebn kushtetuese, detyrimin e saj kushtetues p\u00ebr ngritjen e akuzave ndaj cilitdo q\u00eb shkel ligjin.<\/p>\n<p>Me k\u00ebt\u00eb akt t\u00eb pashembullt n\u00eb historin\u00eb e vendit, d\u00ebshmon se jemi n\u00eb kushte n\u00eb t\u00eb cilat qytetar\u00ebt dhe vet\u00ebm qytetar\u00ebt mund t\u2019i japin p\u00ebrgjigjen m\u00eb t\u00eb merituar.<\/p>\n<p>\u00cbsht\u00eb sot koha m\u00eb shum\u00eb se kurr\u00eb 10 shkurti t\u00eb shnd\u00ebrrohet n\u00eb dit\u00ebn e viganit, n\u00eb dit\u00ebn e uraganit t\u00eb fuqish\u00ebm t\u00eb liris\u00eb, t\u00eb shqiptar\u00ebve dhe t\u00eb p\u00ebrmbysjes s\u00eb k\u00ebtij regjimi t\u00eb urryer q\u00eb nuk ndjek asnj\u00eb ligj, parim dhe as Kushtetut\u00eb.<\/p>\n","protected":false},"excerpt":{"rendered":"<p>Kryetari i PD, Sali Berisha, gjat\u00eb nj\u00eb prononcimi p\u00ebr mediat jasht\u00eb sall\u00ebs s\u00eb Kuvendit tha se, Rama b\u00ebri grusht shteti n\u00eb Kuvend, p\u00ebrgjigjen e merituar do e marr\u00eb nga qytetar\u00ebt m\u00eb 10 shkurt. Berisha tha se, \u00ebsht\u00eb sot koha m\u00eb shum\u00eb se kurr\u00eb 10 shkurti t\u00eb shnd\u00ebrrohet n\u00eb dit\u00ebn e viganit, n\u00eb dit\u00ebn e uraganit &hellip;<\/p>\n","protected":false},"author":4,"featured_media":135135,"comment_status":"closed","ping_status":"closed","sticky":false,"template":"","format":"standard","meta":{"footnotes":""},"categories":[37],"tags":[],"class_list":["post-135134","post","type-post","status-publish","format-standard","has-post-thumbnail","","category-politike"],"_links":{"self":[{"href":"https:\/\/rdnews.al\/index.php\/wp-json\/wp\/v2\/posts\/135134","targetHints":{"allow":["GET"]}}],"collection":[{"href":"https:\/\/rdnews.al\/index.php\/wp-json\/wp\/v2\/posts"}],"about":[{"href":"https:\/\/rdnews.al\/index.php\/wp-json\/wp\/v2\/types\/post"}],"author":[{"embeddable":true,"href":"https:\/\/rdnews.al\/index.php\/wp-json\/wp\/v2\/users\/4"}],"replies":[{"embeddable":true,"href":"https:\/\/rdnews.al\/index.php\/wp-json\/wp\/v2\/comments?post=135134"}],"version-history":[{"count":1,"href":"https:\/\/rdnews.al\/index.php\/wp-json\/wp\/v2\/posts\/135134\/revisions"}],"predecessor-version":[{"id":135136,"href":"https:\/\/rdnews.al\/index.php\/wp-json\/wp\/v2\/posts\/135134\/revisions\/135136"}],"wp:featuredmedia":[{"embeddable":true,"href":"https:\/\/rdnews.al\/index.php\/wp-json\/wp\/v2\/media\/135135"}],"wp:attachment":[{"href":"https:\/\/rdnews.al\/index.php\/wp-json\/wp\/v2\/media?parent=135134"}],"wp:term":[{"taxonomy":"category","embeddable":true,"href":"https:\/\/rdnews.al\/index.php\/wp-json\/wp\/v2\/categories?post=135134"},{"taxonomy":"post_tag","embeddable":true,"href":"https:\/\/rdnews.al\/index.php\/wp-json\/wp\/v2\/tags?post=135134"}],"curies":[{"name":"wp","href":"https:\/\/api.w.org\/{rel}","templated":true}]}}