{"id":135140,"date":"2026-02-03T12:03:00","date_gmt":"2026-02-03T12:03:00","guid":{"rendered":"https:\/\/rdnews.al\/?p=135140"},"modified":"2026-02-03T12:03:16","modified_gmt":"2026-02-03T12:03:16","slug":"berisha-ergys-agasi-po-kercenon-prokuroret-vrasja-ne-aeroport-ishte-e-organizuar-prej-tij","status":"publish","type":"post","link":"https:\/\/rdnews.al\/index.php\/2026\/02\/03\/berisha-ergys-agasi-po-kercenon-prokuroret-vrasja-ne-aeroport-ishte-e-organizuar-prej-tij\/","title":{"rendered":"Ergys Agasi po k\u00ebrc\u00ebnon prokuror\u00ebt! Vrasja n\u00eb aeroport ishte e organizuar prej tij"},"content":{"rendered":"<p>Kryetari i PD, Sali Berisha, i pyetur nga gazetar\u00ebt n\u00eb dalje t\u00eb Parlamentit, tha se Ergys Agasi po k\u00ebrc\u00ebnon prokuror\u00ebt dhe se vrasja e ndodhur n\u00eb aeroport ishte e organizuar prej tij.<\/p>\n<p>Berisha u shpreh se, e gjith\u00eb v\u00ebmendja politike dhe publike duhet t\u00eb p\u00ebrqendrohet te ajo q\u00eb ai e cil\u00ebsoi si grusht shteti p\u00ebr t\u00eb mbrojtur ministren Belinda Balluku dhe kreun e qeveris\u00eb, nd\u00ebrsa hodhi posht\u00eb debatet mbi pjes\u00ebmarrjen e opozit\u00ebs n\u00eb komisionet e posa\u00e7me, duke i quajtur p\u00ebrpjekje p\u00ebr t\u00eb devijuar diskursin nga \u00e7\u00ebshtjet kryesore.<\/p>\n<p><strong>Pyetje: Z.Berisha, ka nj\u00eb paqart\u00ebsi nga socialist\u00ebt sa i takon pjes\u00ebmarrjes ose jo t\u00eb deputet\u00ebve n\u00eb dy komisionet e poa\u00e7me. Do t\u00eb shkoni n\u00eb komisionin e territoriales, apo do bojkotoni?<\/strong><\/p>\n<p><strong>Sali Berisha:<\/strong> Tani, respekt kam p\u00ebr ty, por t\u00eb k\u00ebshilloj miq\u00ebsisht me paqart\u00ebsit\u00eb dhe konfuzionin e atyre q\u00eb jan\u00eb, si\u00e7 e thash\u00eb edhe n\u00eb parlament, e keqja banale, k\u00ebta q\u00eb jan\u00eb n\u00eb plate, e keqja banale e vendit, kurse ata q\u00eb jan\u00eb mbrapa, ata jan\u00eb e keqja radikale, ata jan\u00eb lig\u00ebsia njer\u00ebzore n\u00eb infinit. Kurse k\u00ebta jan\u00eb automat, ndaj dhe mos i d\u00ebgjo ata fare se vet\u00ebm trillojn\u00eb dhe shpifin.<\/p>\n<p>Absolutisht sot parlamenti, sot \u00e7do qytetar ka vet\u00ebm nj\u00eb rend dite dhe kjo \u00ebsht\u00eb Lubi Balluku dhe pas saj Edi Rama para gjyqit.<\/p>\n<p><strong>Pyetje: Z.Berisha, a mund t\u00eb jet\u00eb e qart\u00eb edhe p\u00ebr publikun, PD do t\u00eb marr\u00eb pjes\u00eb n\u00eb komisionin e posa\u00e7\u00ebm t\u00eb reform\u00ebs territoriale?<\/strong><\/p>\n<p><strong>Sali Berisha:<\/strong> Tani edhe nj\u00ebher\u00eb, sot PD, sot \u00e7do qytetar shqiptar ka n\u00eb axhend\u00eb sa hap syt\u00eb gjersa bie n\u00eb dark\u00eb, luft\u00ebn kund\u00ebr grushtit t\u00eb shtetit n\u00eb mburoj\u00eb t\u00eb Lubi Ballukut dhe Edi Ram\u00ebs. Pra, \u00e7do veprim \u00ebsht\u00eb i paralizuar n\u00eb momentin kur mbrohet nj\u00eb kriminele e damkosur me nj\u00eb kryekriminel, me nj\u00eb kryetar t\u00eb organizat\u00ebs kriminale q\u00eb e ka emrin Edi Rama.<\/p>\n<p>Pra, edhe nj\u00ebher\u00eb, un\u00eb e kuptoj se narkoqeveritar\u00ebt, se Edi Rama b\u00ebn gjith\u00e7ka p\u00ebr t\u00eb spostuar diskursin nga Lubia dhe vetja e tij tek komisionet, tek kjo, tek ajo, por ai me k\u00ebt\u00eb nuk do realizoj\u00eb dot asgj\u00eb. Ka nj\u00eb \u00e7\u00ebshtje n\u00eb rendin e dit\u00ebs t\u00eb \u00e7do shqiptari dhe kjo \u00e7\u00ebshtje \u00ebsht\u00eb grushti i shtetit kund\u00ebr shtetit, i kryer nga Edi Rama p\u00ebr t\u00eb mbrojtur veten e tij nga vjedhjet e tmerrshme. A e shihni ju se edhe imunitetin po e p\u00ebrdor p\u00ebr t\u00eb mbuluar Agasin.<\/p>\n<p>A e dini ju se Agasi \u00ebsht\u00eb sot i lir\u00eb nga kafja n\u00eb kafe? A e dini ju se Agasi \u00ebsht\u00eb organizatori i k\u00ebrc\u00ebnimit t\u00eb prokuror\u00ebve? N\u00eb vitet 2005-2013 jan\u00eb arrestuar dhe vendosur para ligjit 1500 bandit\u00eb dhe kapobanda, prej tyre, disa, jo pak, kan\u00eb marr\u00eb d\u00ebnime p\u00ebrjet\u00eb dhe jan\u00eb edhe sot. Disa u lirua nga Edi Rama. T\u00eb tjer\u00eb kan\u00eb marr\u00eb d\u00ebnime 25-30 vite e me radh\u00eb. Por ju jeni d\u00ebshmitar\u00eb, nuk ka pasur k\u00ebrc\u00ebnime t\u00eb pakt\u00ebn prokuror\u00eb nuk kan\u00eb dal\u00eb publikisht t\u00eb thon\u00eb se po na k\u00ebrc\u00ebnojn\u00eb. Un\u00eb besoj se kan\u00eb k\u00ebrc\u00ebnime sot.<\/p>\n<p>Nuk i shtojn\u00eb ata. Un\u00eb e kam kollaj t\u00eb them se Altin Troplini g\u00ebnjen, jo nuk them se g\u00ebnjen. Sepse mekanizmi i k\u00ebrc\u00ebnimit me jet\u00eb t\u00eb tyre \u00ebsht\u00eb mekanizmi q\u00eb p\u00ebrdor Edi Rama n\u00ebp\u00ebrmjet Ergys Agasit. E pat\u00eb ekzekutimin n\u00eb sheshin e pushtetit? Aeroporti \u00ebsht\u00eb sheshi i pushtetit. \u00cbsht\u00eb sheshi m\u00eb i mbrojtur i vendit. Aty mund t\u00eb ekzekutoj\u00eb vet\u00ebm policia. Askush tjet\u00ebr nuk \u00e7mendet t\u00eb marr\u00eb guximin t\u00eb kryej\u00eb at\u00eb vrasje q\u00eb e pan\u00eb shqiptar\u00ebt.<\/p>\n<p>Ajo ishte vrasje e organizuar nga Ergys Agasi. Ishte nga ato q\u00eb thoshte pam, pam, pam. E d\u00ebgjuat ju. Plus pastaj e v\u00ebrteta \u00ebsht\u00eb se e tepruan kur e krahasuan me dosjen e atij tjetrit, se nuk ka ndonj\u00eb ngjashm\u00ebri t\u00eb madhe. Por nuk \u00ebsht\u00eb se galeria e Ergys Agasit, e videove dhe fotografive \u00ebsht\u00eb nga m\u00eb t\u00eb turpshmet dhe n\u00eb krye t\u00eb k\u00ebtij turpi q\u00ebndron Edi Rama.<\/p>\n","protected":false},"excerpt":{"rendered":"<p>Kryetari i PD, Sali Berisha, i pyetur nga gazetar\u00ebt n\u00eb dalje t\u00eb Parlamentit, tha se Ergys Agasi po k\u00ebrc\u00ebnon prokuror\u00ebt dhe se vrasja e ndodhur n\u00eb aeroport ishte e organizuar prej tij. Berisha u shpreh se, e gjith\u00eb v\u00ebmendja politike dhe publike duhet t\u00eb p\u00ebrqendrohet te ajo q\u00eb ai e cil\u00ebsoi si grusht shteti p\u00ebr &hellip;<\/p>\n","protected":false},"author":4,"featured_media":135141,"comment_status":"closed","ping_status":"closed","sticky":false,"template":"","format":"standard","meta":{"footnotes":""},"categories":[37],"tags":[],"class_list":["post-135140","post","type-post","status-publish","format-standard","has-post-thumbnail","","category-politike"],"_links":{"self":[{"href":"https:\/\/rdnews.al\/index.php\/wp-json\/wp\/v2\/posts\/135140","targetHints":{"allow":["GET"]}}],"collection":[{"href":"https:\/\/rdnews.al\/index.php\/wp-json\/wp\/v2\/posts"}],"about":[{"href":"https:\/\/rdnews.al\/index.php\/wp-json\/wp\/v2\/types\/post"}],"author":[{"embeddable":true,"href":"https:\/\/rdnews.al\/index.php\/wp-json\/wp\/v2\/users\/4"}],"replies":[{"embeddable":true,"href":"https:\/\/rdnews.al\/index.php\/wp-json\/wp\/v2\/comments?post=135140"}],"version-history":[{"count":2,"href":"https:\/\/rdnews.al\/index.php\/wp-json\/wp\/v2\/posts\/135140\/revisions"}],"predecessor-version":[{"id":135143,"href":"https:\/\/rdnews.al\/index.php\/wp-json\/wp\/v2\/posts\/135140\/revisions\/135143"}],"wp:featuredmedia":[{"embeddable":true,"href":"https:\/\/rdnews.al\/index.php\/wp-json\/wp\/v2\/media\/135141"}],"wp:attachment":[{"href":"https:\/\/rdnews.al\/index.php\/wp-json\/wp\/v2\/media?parent=135140"}],"wp:term":[{"taxonomy":"category","embeddable":true,"href":"https:\/\/rdnews.al\/index.php\/wp-json\/wp\/v2\/categories?post=135140"},{"taxonomy":"post_tag","embeddable":true,"href":"https:\/\/rdnews.al\/index.php\/wp-json\/wp\/v2\/tags?post=135140"}],"curies":[{"name":"wp","href":"https:\/\/api.w.org\/{rel}","templated":true}]}}