{"id":135144,"date":"2026-02-03T12:09:56","date_gmt":"2026-02-03T12:09:56","guid":{"rendered":"https:\/\/rdnews.al\/?p=135144"},"modified":"2026-02-03T12:09:56","modified_gmt":"2026-02-03T12:09:56","slug":"berisha-ne-jemi-ne-komisionin-e-reformes-territoriale-mos-besoni-genjeshtrat-e-taos","status":"publish","type":"post","link":"https:\/\/rdnews.al\/index.php\/2026\/02\/03\/berisha-ne-jemi-ne-komisionin-e-reformes-territoriale-mos-besoni-genjeshtrat-e-taos\/","title":{"rendered":"Berisha: Ne jemi n\u00eb komisionin e Reform\u00ebs Territoriale, mos besoni g\u00ebnjeshtrat e Taos"},"content":{"rendered":"<p>Kryetari i PD, Sali Berisha, deklaroi se opozita \u00ebsht\u00eb pjes\u00eb e Komisionit t\u00eb Reform\u00ebs Territoriale, duke hedhur posht\u00eb pretendimet p\u00ebr bojkot dhe duke i cil\u00ebsuar ato si g\u00ebnjeshtra.<\/p>\n<p>N\u00eb nj\u00eb prononcim p\u00ebr mediat, Berisha tha se, parlamenti \u00ebsht\u00eb i paralizuar dhe theskoi se kryeministri Rama po b\u00ebn p\u00ebrpjekje p\u00ebr p\u00ebrjashtimin e opozit\u00ebs nga proceset vendimmarr\u00ebse.<\/p>\n<p><strong>Eksiola Shehu, Euronews: Zoti Berisha, n\u00ebse u kuptova drejt, n\u00eb artikulimin tuaj that\u00eb se \u00e7do veprim \u00ebsht\u00eb i paralizuar, duke p\u00ebrfshir\u00eb edhe mospjes\u00ebmarrjen n\u00eb komisionin e reform\u00ebs territoriale?<\/strong><\/p>\n<p><strong>Sali Berisha:<\/strong> Thash\u00eb parlamenti \u00ebsht\u00eb i paralizuar. Asgj\u00eb nuk mund t\u00eb kemi ne n\u00eb rend dite p\u00ebrve\u00e7se grushtin e shtetit q\u00eb po kryen Edi Rama p\u00ebr t\u00eb mbrojtur veten e tij.<\/p>\n<p><strong>Anesti Bajramemaj, A2 CNN: N\u00eb rend dite ka nj\u00eb vendim p\u00ebr ndryshimin e p\u00ebrb\u00ebrjes s\u00eb komisionit&#8230;<\/strong><\/p>\n<p><strong>Sali Berisha:<\/strong> T\u00eb b\u00ebjn\u00eb \u00e7\u2019t\u00eb duan. Ne jemi n\u00eb komision. Duan t\u00eb na p\u00ebrjashtojn\u00eb fare? Le ta b\u00ebjn\u00eb.<\/p>\n<p><strong>Eksiola Shehu, Euronews: Zoti Berisha, po ju nuk po shkoni n\u00eb komision? Keni munguar n\u00eb tre mbledhje.<\/strong><\/p>\n<p><strong>Sali Berisha:<\/strong> Kush t\u00eb tha? N\u00eb asnj\u00eb mbledhje nuk jan\u00eb njoftuar an\u00ebtar\u00ebt e opozit\u00ebs. Jan\u00eb q\u00eb t\u00eb gjitha manipulime t\u00eb Edi Ram\u00ebs sepse do t\u00eb spostoj\u00eb, por ne jemi t\u00eb p\u00ebrqendruar tek grushti i tij i shtetit. \u00cbsht\u00eb i pashpres\u00eb. \u00c7far\u00eb do t\u00eb b\u00ebj\u00eb, ai do p\u00ebrfundoj\u00eb me Lubin\u00eb, n\u00eb krah t\u00eb saj, aty ku e ka vendin.<\/p>\n<p><strong>Andon Kello, Abc News: Pra, ju jeni n\u00eb komision?<\/strong><\/p>\n<p><strong>Sali Berisha:<\/strong> Jemi, si nuk jemi. Kush tha q\u00eb nuk jemi? Ne kemi qen\u00eb dhe jemi. Nuk ka asnj\u00eb diskutim. Besoni ju g\u00ebnjeshtrat e Taos? E pat\u00eb ju kush ishte Tao, ia lexova aty para jush. Si mund t\u2019i besoni ju atij?<\/p>\n","protected":false},"excerpt":{"rendered":"<p>Kryetari i PD, Sali Berisha, deklaroi se opozita \u00ebsht\u00eb pjes\u00eb e Komisionit t\u00eb Reform\u00ebs Territoriale, duke hedhur posht\u00eb pretendimet p\u00ebr bojkot dhe duke i cil\u00ebsuar ato si g\u00ebnjeshtra. N\u00eb nj\u00eb prononcim p\u00ebr mediat, Berisha tha se, parlamenti \u00ebsht\u00eb i paralizuar dhe theskoi se kryeministri Rama po b\u00ebn p\u00ebrpjekje p\u00ebr p\u00ebrjashtimin e opozit\u00ebs nga proceset vendimmarr\u00ebse. &hellip;<\/p>\n","protected":false},"author":4,"featured_media":135145,"comment_status":"closed","ping_status":"closed","sticky":false,"template":"","format":"standard","meta":{"footnotes":""},"categories":[37],"tags":[],"class_list":["post-135144","post","type-post","status-publish","format-standard","has-post-thumbnail","","category-politike"],"_links":{"self":[{"href":"https:\/\/rdnews.al\/index.php\/wp-json\/wp\/v2\/posts\/135144","targetHints":{"allow":["GET"]}}],"collection":[{"href":"https:\/\/rdnews.al\/index.php\/wp-json\/wp\/v2\/posts"}],"about":[{"href":"https:\/\/rdnews.al\/index.php\/wp-json\/wp\/v2\/types\/post"}],"author":[{"embeddable":true,"href":"https:\/\/rdnews.al\/index.php\/wp-json\/wp\/v2\/users\/4"}],"replies":[{"embeddable":true,"href":"https:\/\/rdnews.al\/index.php\/wp-json\/wp\/v2\/comments?post=135144"}],"version-history":[{"count":1,"href":"https:\/\/rdnews.al\/index.php\/wp-json\/wp\/v2\/posts\/135144\/revisions"}],"predecessor-version":[{"id":135146,"href":"https:\/\/rdnews.al\/index.php\/wp-json\/wp\/v2\/posts\/135144\/revisions\/135146"}],"wp:featuredmedia":[{"embeddable":true,"href":"https:\/\/rdnews.al\/index.php\/wp-json\/wp\/v2\/media\/135145"}],"wp:attachment":[{"href":"https:\/\/rdnews.al\/index.php\/wp-json\/wp\/v2\/media?parent=135144"}],"wp:term":[{"taxonomy":"category","embeddable":true,"href":"https:\/\/rdnews.al\/index.php\/wp-json\/wp\/v2\/categories?post=135144"},{"taxonomy":"post_tag","embeddable":true,"href":"https:\/\/rdnews.al\/index.php\/wp-json\/wp\/v2\/tags?post=135144"}],"curies":[{"name":"wp","href":"https:\/\/api.w.org\/{rel}","templated":true}]}}