{"id":135166,"date":"2026-02-03T17:54:15","date_gmt":"2026-02-03T17:54:15","guid":{"rendered":"https:\/\/rdnews.al\/?p=135166"},"modified":"2026-02-03T17:54:15","modified_gmt":"2026-02-03T17:54:15","slug":"boci-10-shkurti-do-te-jete-pergjigjja-ndaj-kapjes-se-institucioneve","status":"publish","type":"post","link":"https:\/\/rdnews.al\/index.php\/2026\/02\/03\/boci-10-shkurti-do-te-jete-pergjigjja-ndaj-kapjes-se-institucioneve\/","title":{"rendered":"Bo\u00e7i: 10 shkurti do t\u00eb jet\u00eb p\u00ebrgjigjja ndaj kapjes s\u00eb institucioneve"},"content":{"rendered":"<p>Deputeti i PD, Lu\u00e7iano Bo\u00e7i ka zbardhur q\u00ebndrimin e opozit\u00ebs lidhur me ng\u00ebr\u00e7in e krijuar p\u00ebr reform\u00ebn territoriale, duke vendosur nj\u00eb kusht t\u00eb qart\u00eb p\u00ebr maxhoranc\u00ebn. Ai ka deklaruar se opozita nuk do t\u00eb marr\u00eb pjes\u00eb n\u00eb mbledhjet e komisionit p\u00ebrkat\u00ebs n\u00ebse Partia Socialiste nuk t\u00ebrheq propozimin e saj aktual p\u00ebr rendin e dit\u00ebs.<\/p>\n<p>Sipas deputetit Bo\u00e7i, vazhdimi i pun\u00ebs k\u00ebrkon nj\u00eb dakord\u00ebsi paraprake mes dy bashk\u00ebkryetar\u00ebve p\u00ebr caktimin e dat\u00ebs s\u00eb mbledhjes, ve\u00e7an\u00ebrisht duke qen\u00eb se sekretarja e komisionit ende nuk \u00ebsht\u00eb zgjedhur. Ai theksoi se thirrjet e deritanishme t\u00eb mbledhjeve nuk jan\u00eb b\u00ebr\u00eb n\u00eb baz\u00eb t\u00eb rregullores.<\/p>\n<p>\u201cN\u00eb qoft\u00eb se ata nuk e t\u00ebrheqin at\u00eb vendim, at\u00eb propozim, do t\u00eb thot\u00eb q\u00eb ata marrin shumic\u00ebn dhe n\u00eb k\u00ebt\u00eb rast Partia Demokratike, opozita, nuk ka asnj\u00eb arsye t\u00eb jet\u00eb n\u00eb at\u00eb komision,\u201d\u00a0u shpreh Bo\u00e7i. Ai shtoi se p\u00ebr funksionimin normal t\u00eb komisionit duhet \u201ct\u00eb ruhet pariteti dhe bashk\u00ebkryesia\u201d.<\/p>\n<p>Gjat\u00eb deklarat\u00ebs s\u00eb tij, deputeti demokrat e cil\u00ebsoi \u00e7\u00ebshtjen e Komisionit t\u00eb Mandateve dhe Imuniteteve si nj\u00eb problematik\u00eb edhe m\u00eb t\u00eb r\u00ebnd\u00ebsishme, duke pretenduar se ai \u201cmbahet peng\u201d.<\/p>\n<p><strong>Bo\u00e7i: <\/strong>Ishte e mir\u00eb, e bukur, efektive dhe nd\u00ebrsa sot ndeshen me absurdin e nj\u00eb drejt\u00ebsie q\u00eb mbron korrupsionin, q\u00eb \u00ebsht\u00eb pjes\u00eb e qeverisjes, q\u00eb komandohet totalisht n\u00eb vendimet e saj pik\u00ebrisht nga kryeministri.<\/p>\n<p>Dhe, t\u00eb jen\u00eb t\u00eb bindur t\u00eb gjith\u00eb q\u00eb gjith\u00e7ka do shprehet n\u00eb dat\u00ebn 10 shkurt.<\/p>\n<p>Deklarata ime, dalja ime ishte p\u00ebr k\u00ebt\u00eb \u00e7\u00ebshtje shum\u00eb t\u00eb r\u00ebnd\u00ebsishme, shum\u00eb m\u00eb e r\u00ebnd\u00ebsishme se reforma territoriale, sepse ai komisioni kryesor n\u00eb parlament, \u00ebsht\u00eb ai k\u00ebshilli, q\u00eb \u00ebsht\u00eb dhe komisioni i mandateve dhe imuniteteve, se \u00ebsht\u00eb kuintesenca e parlamentit, ai q\u00eb rregullon marr\u00ebdh\u00ebniet e deputetit me mandatin dhe ai sot mbahet peng.<\/p>\n<p>Megjithat\u00eb, p\u00ebr hir t\u00eb pyetjes tuaj, un\u00eb shpresoj q\u00eb mos t\u00eb kesh marr\u00eb me induksion paqart\u00ebsin\u00eb e zotit Balla, se dhe ai e kishte k\u00ebt\u00eb lloj paqart\u00ebsie. Jo, paqart\u00ebsit\u00eb duhen sqaruar, nd\u00ebrkoh\u00eb q\u00eb un\u00eb kam deklaruar dhe deklaroj s\u00ebrish q\u00eb opozita ka qen\u00eb pjes\u00eb e k\u00ebtij komisioni. Thirrjet e k\u00ebtij komisioni nuk kan\u00eb qen\u00eb t\u00eb realizuara n\u00eb baz\u00ebn e rregullores dhe kushtetut\u00ebs.<\/p>\n<p>Dhe \u00ebsht\u00eb e qart\u00eb q\u00eb si do vazhdohet, duhet nj\u00eb dakord\u00ebsi e dy bashk\u00ebkryetar\u00ebve, meq\u00ebn\u00ebse nuk \u00ebsht\u00eb zgjedhur sekretarja e komisionit, q\u00eb ne t\u00eb vendosim dat\u00ebn e mbledhjes s\u00eb komisionit. N\u00eb qoft\u00eb se ata nuk e t\u00ebrheqin at\u00eb vendim, at\u00eb propozim, do t\u00eb thot\u00eb q\u00eb ata marrin shumic\u00ebn dhe n\u00eb k\u00ebt\u00eb rast Partia Demokratike, opozita nuk ka asnj\u00eb arsye t\u00eb jet\u00eb n\u00eb at\u00eb komision. Duhet t\u00eb t\u00ebrheqet, t\u00eb t\u00ebrhiqet ai vendim, t\u00eb ruhet pariteti dhe bashk\u00ebkryesia.<\/p>\n","protected":false},"excerpt":{"rendered":"<p>Deputeti i PD, Lu\u00e7iano Bo\u00e7i ka zbardhur q\u00ebndrimin e opozit\u00ebs lidhur me ng\u00ebr\u00e7in e krijuar p\u00ebr reform\u00ebn territoriale, duke vendosur nj\u00eb kusht t\u00eb qart\u00eb p\u00ebr maxhoranc\u00ebn. Ai ka deklaruar se opozita nuk do t\u00eb marr\u00eb pjes\u00eb n\u00eb mbledhjet e komisionit p\u00ebrkat\u00ebs n\u00ebse Partia Socialiste nuk t\u00ebrheq propozimin e saj aktual p\u00ebr rendin e dit\u00ebs. Sipas &hellip;<\/p>\n","protected":false},"author":4,"featured_media":89519,"comment_status":"closed","ping_status":"closed","sticky":false,"template":"","format":"standard","meta":{"footnotes":""},"categories":[37],"tags":[],"class_list":["post-135166","post","type-post","status-publish","format-standard","has-post-thumbnail","","category-politike"],"_links":{"self":[{"href":"https:\/\/rdnews.al\/index.php\/wp-json\/wp\/v2\/posts\/135166","targetHints":{"allow":["GET"]}}],"collection":[{"href":"https:\/\/rdnews.al\/index.php\/wp-json\/wp\/v2\/posts"}],"about":[{"href":"https:\/\/rdnews.al\/index.php\/wp-json\/wp\/v2\/types\/post"}],"author":[{"embeddable":true,"href":"https:\/\/rdnews.al\/index.php\/wp-json\/wp\/v2\/users\/4"}],"replies":[{"embeddable":true,"href":"https:\/\/rdnews.al\/index.php\/wp-json\/wp\/v2\/comments?post=135166"}],"version-history":[{"count":1,"href":"https:\/\/rdnews.al\/index.php\/wp-json\/wp\/v2\/posts\/135166\/revisions"}],"predecessor-version":[{"id":135167,"href":"https:\/\/rdnews.al\/index.php\/wp-json\/wp\/v2\/posts\/135166\/revisions\/135167"}],"wp:featuredmedia":[{"embeddable":true,"href":"https:\/\/rdnews.al\/index.php\/wp-json\/wp\/v2\/media\/89519"}],"wp:attachment":[{"href":"https:\/\/rdnews.al\/index.php\/wp-json\/wp\/v2\/media?parent=135166"}],"wp:term":[{"taxonomy":"category","embeddable":true,"href":"https:\/\/rdnews.al\/index.php\/wp-json\/wp\/v2\/categories?post=135166"},{"taxonomy":"post_tag","embeddable":true,"href":"https:\/\/rdnews.al\/index.php\/wp-json\/wp\/v2\/tags?post=135166"}],"curies":[{"name":"wp","href":"https:\/\/api.w.org\/{rel}","templated":true}]}}