{"id":135174,"date":"2026-02-03T19:38:13","date_gmt":"2026-02-03T19:38:13","guid":{"rendered":"https:\/\/rdnews.al\/?p=135174"},"modified":"2026-02-03T21:05:10","modified_gmt":"2026-02-03T21:05:10","slug":"kuajt-e-gjykates-kushtetuese","status":"publish","type":"post","link":"https:\/\/rdnews.al\/index.php\/2026\/02\/03\/kuajt-e-gjykates-kushtetuese\/","title":{"rendered":"Kuajt e Gjykat\u00ebs Kushtetuese!"},"content":{"rendered":"<p><strong>Nga Irena BEQIRAJ<\/strong><\/p>\n<p>Kur lexova p\u00ebr shtyrjen e vendimit p\u00ebr \u00e7\u00ebshtjen Balluku nga korifenjt\u00eb e ligjit n\u00eb Gjykat\u00ebn Kushtetuese mendova: &#8220;qen\u00eb e mbet\u00ebn kuaj&#8221; si n\u00eb poezin\u00eb\u00a0 Kuajt t\u00eb Gjek Marinajt t\u00eb shkruar n\u00eb koh\u00eb t\u00eb diktatur\u00ebs.<\/p>\n<p><strong>Kuajt<\/strong><\/p>\n<p>T\u00ebr\u00eb jet\u00ebn duke vrapuar rrim\u00eb<br \/>\nShohim ve\u00e7 p\u00ebrpara<br \/>\n\u00c7\u2019b\u00ebhet prapa s\u2019duam t\u2019ia dim\u00eb.<br \/>\nNe nuk kemi em\u00ebr<br \/>\nT\u00eb gjith\u00ebve kuaj na thon\u00eb.<br \/>\nNuk qajm\u00eb,<br \/>\nNuk qeshim;<br \/>\nHeshtim,<br \/>\nD\u00ebgjojm\u00eb;<br \/>\nHam\u00eb at\u00eb \u00e7\u2019na japin,<br \/>\nEcim nga na thon\u00eb,<br \/>\nEdhe asnj\u00eb nga ne s\u2019ka mendje t\u00eb holl\u00eb.<br \/>\nKush qe kal\u00eb mbreti,<br \/>\nPosti qe i lart\u00eb<br \/>\nKush qe kal\u00eb princeshe<br \/>\nI b\u00ebn\u00eb shal\u00eb t\u00eb art\u00eb<br \/>\nKush qe kal\u00eb fshatari<br \/>\nPat samar\u00eb me kasht\u00eb<br \/>\nKush qe kal\u00eb i eg\u00ebr<br \/>\nT\u00ebr\u00eb jet\u00ebn fjeti jasht\u00eb.<br \/>\nPo qem\u00eb dhe mbetem kuaj!<\/p>\n","protected":false},"excerpt":{"rendered":"<p>Nga Irena BEQIRAJ Kur lexova p\u00ebr shtyrjen e vendimit p\u00ebr \u00e7\u00ebshtjen Balluku nga korifenjt\u00eb e ligjit n\u00eb Gjykat\u00ebn Kushtetuese mendova: &#8220;qen\u00eb e mbet\u00ebn kuaj&#8221; si n\u00eb poezin\u00eb\u00a0 Kuajt t\u00eb Gjek Marinajt t\u00eb shkruar n\u00eb koh\u00eb t\u00eb diktatur\u00ebs. Kuajt T\u00ebr\u00eb jet\u00ebn duke vrapuar rrim\u00eb Shohim ve\u00e7 p\u00ebrpara \u00c7\u2019b\u00ebhet prapa s\u2019duam t\u2019ia dim\u00eb. Ne nuk kemi em\u00ebr &hellip;<\/p>\n","protected":false},"author":4,"featured_media":105385,"comment_status":"closed","ping_status":"closed","sticky":false,"template":"","format":"standard","meta":{"footnotes":""},"categories":[37],"tags":[],"class_list":["post-135174","post","type-post","status-publish","format-standard","has-post-thumbnail","","category-politike"],"_links":{"self":[{"href":"https:\/\/rdnews.al\/index.php\/wp-json\/wp\/v2\/posts\/135174","targetHints":{"allow":["GET"]}}],"collection":[{"href":"https:\/\/rdnews.al\/index.php\/wp-json\/wp\/v2\/posts"}],"about":[{"href":"https:\/\/rdnews.al\/index.php\/wp-json\/wp\/v2\/types\/post"}],"author":[{"embeddable":true,"href":"https:\/\/rdnews.al\/index.php\/wp-json\/wp\/v2\/users\/4"}],"replies":[{"embeddable":true,"href":"https:\/\/rdnews.al\/index.php\/wp-json\/wp\/v2\/comments?post=135174"}],"version-history":[{"count":1,"href":"https:\/\/rdnews.al\/index.php\/wp-json\/wp\/v2\/posts\/135174\/revisions"}],"predecessor-version":[{"id":135175,"href":"https:\/\/rdnews.al\/index.php\/wp-json\/wp\/v2\/posts\/135174\/revisions\/135175"}],"wp:featuredmedia":[{"embeddable":true,"href":"https:\/\/rdnews.al\/index.php\/wp-json\/wp\/v2\/media\/105385"}],"wp:attachment":[{"href":"https:\/\/rdnews.al\/index.php\/wp-json\/wp\/v2\/media?parent=135174"}],"wp:term":[{"taxonomy":"category","embeddable":true,"href":"https:\/\/rdnews.al\/index.php\/wp-json\/wp\/v2\/categories?post=135174"},{"taxonomy":"post_tag","embeddable":true,"href":"https:\/\/rdnews.al\/index.php\/wp-json\/wp\/v2\/tags?post=135174"}],"curies":[{"name":"wp","href":"https:\/\/api.w.org\/{rel}","templated":true}]}}