{"id":135192,"date":"2026-02-04T09:47:37","date_gmt":"2026-02-04T09:47:37","guid":{"rendered":"https:\/\/rdnews.al\/?p=135192"},"modified":"2026-02-04T09:49:45","modified_gmt":"2026-02-04T09:49:45","slug":"ceshtja-balluku-rama-nuk-i-ndal-sulmet-ndaj-gjyqesorit-reagon-shoqata-e-prokuroreve","status":"publish","type":"post","link":"https:\/\/rdnews.al\/index.php\/2026\/02\/04\/ceshtja-balluku-rama-nuk-i-ndal-sulmet-ndaj-gjyqesorit-reagon-shoqata-e-prokuroreve\/","title":{"rendered":"\u00c7\u00ebshtja Balluku\/ Rama nuk i ndal sulmet ndaj drejt\u00ebsis\u00eb, reagon Shoqata e Prokuror\u00ebve"},"content":{"rendered":"<p>Kryeministri Edi Rama nuk i ndalur sulmet ndaj sistemit gjyq\u00ebsor edhe m\u00ebngjesin e sot\u00ebm, duke u p\u00ebrpjekur t\u00eb intimidoj\u00eb t\u00eb gjith\u00eb sistemin e drejt\u00ebsis\u00eb, pas k\u00ebrkes\u00ebs p\u00ebr rritje pagash, e cila ndodhet n\u00eb Gjykat\u00ebn Kushtetuese dhe kjo e fundit pritet t\u00eb shprehet me vendim.<\/p>\n<p>Pas k\u00ebtij sulmi frontal t\u00eb kryeministrit Rama ndaj \u2018drejt\u00ebsis\u00eb s\u00eb re\u2019 t\u00eb propaganduar nga ai vet\u00eb si themeluesi dhe p\u00ebrkrah\u00ebsi i saj, ka reaguar edhe Shoqata e Prokuror\u00ebve, duke theksuar se presioni nuk i sh\u00ebrben forcimit t\u00eb shtetit t\u00eb s\u00eb drejt\u00ebs.<\/p>\n<p>N\u00eb deklarat\u00eb shkruhet se, n\u00eb nj\u00eb shtet demokratik dhe t\u00eb s\u00eb drejt\u00ebs, pavar\u00ebsia e Gjykat\u00ebs Kushtetuese dhe e sistemit t\u00eb drejt\u00ebsis\u00eb n\u00eb t\u00ebr\u00ebsi p\u00ebrb\u00ebn nj\u00eb parim themelor, i cili duhet t\u00eb respektohet nga t\u00eb gjith\u00eb aktor\u00ebt institucional\u00eb dhe publik\u00eb, ve\u00e7an\u00ebrisht n\u00eb faza t\u00eb ndjeshme p\u00ebrpara vendimmarrjes.<\/p>\n<p><strong>Deklarata e Shoqat\u00ebs s\u00eb Prokuror\u00ebve<\/strong><\/p>\n<p>Shoqata e Prokuror\u00ebve t\u00eb Republik\u00ebs s\u00eb Shqip\u00ebris\u00eb, n\u00eb kuad\u00ebr t\u00eb zhvillimeve t\u00eb fundit dhe debatit publik rreth gjykimit kushtetues mbi pagat e magjistrat\u00ebve, n\u00eb p\u00ebrmbushje t\u00eb misionit dhe veprimtaris\u00eb s\u00eb saj, e konsideron t\u00eb domosdoshme t\u00eb shpreh\u00eb nj\u00eb q\u00ebndrim zyrtar n\u00eb funksion t\u00eb mbrojtjes s\u00eb parimeve t\u00eb shtetit t\u00eb s\u00eb drejt\u00ebs dhe pavar\u00ebsis\u00eb s\u00eb sistemit t\u00eb drejt\u00ebsis\u00eb.<\/p>\n<p>Shoqata e Prokuror\u00ebve t\u00eb Republik\u00ebs s\u00eb Shqip\u00ebris\u00eb vler\u00ebson se debatet publike p\u00ebr \u00e7\u00ebshtje q\u00eb lidhen me sistemin e drejt\u00ebsis\u00eb duhet t\u00eb zhvillohen n\u00eb m\u00ebnyr\u00eb t\u00eb p\u00ebrgjegjshme, t\u00eb balancuar dhe me respekt p\u00ebr rolin kushtetues t\u00eb magjistrat\u00ebve. \u00c7do form\u00eb retorike q\u00eb synon t\u00eb kthej\u00eb opinionin publik kund\u00ebr magjistrat\u00ebve nuk i sh\u00ebrben forcimit t\u00eb shtetit t\u00eb s\u00eb drejt\u00ebs.<\/p>\n<p>Shoqata e Prokuror\u00ebve t\u00eb Republik\u00ebs s\u00eb Shqip\u00ebris\u00eb i bashkohet q\u00ebndrimeve publike dhe k\u00ebrkimeve t\u00eb argumentuara tashm\u00eb n\u00eb m\u00ebnyr\u00eb shteruese nga shoqatat e gjyqtar\u00ebve p\u00ebrpara Gjykat\u00ebs Kushtetuese. Theksojm\u00eb se \u00e7do ndryshim ligjor q\u00eb passjell regres n\u00eb standardet e njohura m\u00eb par\u00eb dhe ulje t\u00eb pagave t\u00eb magjistrat\u00ebve, p\u00ebrb\u00ebn cenim t\u00eb garancive kushtetuese.<\/p>\n<p>N\u00eb nj\u00eb shtet demokratik dhe t\u00eb s\u00eb drejt\u00ebs, pavar\u00ebsia e Gjykat\u00ebs Kushtetuese dhe e sistemit t\u00eb drejt\u00ebsis\u00eb n\u00eb t\u00ebr\u00ebsi p\u00ebrb\u00ebn nj\u00eb parim themelor, i cili duhet t\u00eb respektohet nga t\u00eb gjith\u00eb aktor\u00ebt institucional\u00eb dhe publik\u00eb, ve\u00e7an\u00ebrisht n\u00eb faza t\u00eb ndjeshme p\u00ebrpara vendimmarrjes. N\u00eb k\u00ebt\u00eb kontekst, gjykimi kushtetues i inicuar nga shoqatat e gjyqtar\u00ebve duhet t\u00eb p\u00ebrfundoj\u00eb i pandikuar nga \u00e7do presion i jasht\u00ebm apo instrumentalizim i opinionit publik.<\/p>\n<p>Shoqata e Prokuror\u00ebve t\u00eb Republik\u00ebs s\u00eb Shqip\u00ebris\u00eb shpreh besimin e saj t\u00eb plot\u00eb n\u00eb Gjykat\u00ebn Kushtetuese si autoriteti i vet\u00ebm legjitim p\u00ebr t\u00eb dh\u00ebn\u00eb fjal\u00ebn p\u00ebrfundimtare n\u00eb k\u00ebt\u00eb proces, si dhe mb\u00ebshtet \u00e7do p\u00ebrpjekje institucionale dhe civile q\u00eb synon forcimin e rendit kushtetues, pavar\u00ebsin\u00eb e sistemit t\u00eb drejt\u00ebsis\u00eb dhe mbrojtjen e standardeve demokratike n\u00eb vend.<\/p>\n","protected":false},"excerpt":{"rendered":"<p>Kryeministri Edi Rama nuk i ndalur sulmet ndaj sistemit gjyq\u00ebsor edhe m\u00ebngjesin e sot\u00ebm, duke u p\u00ebrpjekur t\u00eb intimidoj\u00eb t\u00eb gjith\u00eb sistemin e drejt\u00ebsis\u00eb, pas k\u00ebrkes\u00ebs p\u00ebr rritje pagash, e cila ndodhet n\u00eb Gjykat\u00ebn Kushtetuese dhe kjo e fundit pritet t\u00eb shprehet me vendim. Pas k\u00ebtij sulmi frontal t\u00eb kryeministrit Rama ndaj \u2018drejt\u00ebsis\u00eb s\u00eb re\u2019 &hellip;<\/p>\n","protected":false},"author":4,"featured_media":135012,"comment_status":"closed","ping_status":"closed","sticky":false,"template":"","format":"standard","meta":{"footnotes":""},"categories":[37],"tags":[],"class_list":["post-135192","post","type-post","status-publish","format-standard","has-post-thumbnail","","category-politike"],"_links":{"self":[{"href":"https:\/\/rdnews.al\/index.php\/wp-json\/wp\/v2\/posts\/135192","targetHints":{"allow":["GET"]}}],"collection":[{"href":"https:\/\/rdnews.al\/index.php\/wp-json\/wp\/v2\/posts"}],"about":[{"href":"https:\/\/rdnews.al\/index.php\/wp-json\/wp\/v2\/types\/post"}],"author":[{"embeddable":true,"href":"https:\/\/rdnews.al\/index.php\/wp-json\/wp\/v2\/users\/4"}],"replies":[{"embeddable":true,"href":"https:\/\/rdnews.al\/index.php\/wp-json\/wp\/v2\/comments?post=135192"}],"version-history":[{"count":2,"href":"https:\/\/rdnews.al\/index.php\/wp-json\/wp\/v2\/posts\/135192\/revisions"}],"predecessor-version":[{"id":135194,"href":"https:\/\/rdnews.al\/index.php\/wp-json\/wp\/v2\/posts\/135192\/revisions\/135194"}],"wp:featuredmedia":[{"embeddable":true,"href":"https:\/\/rdnews.al\/index.php\/wp-json\/wp\/v2\/media\/135012"}],"wp:attachment":[{"href":"https:\/\/rdnews.al\/index.php\/wp-json\/wp\/v2\/media?parent=135192"}],"wp:term":[{"taxonomy":"category","embeddable":true,"href":"https:\/\/rdnews.al\/index.php\/wp-json\/wp\/v2\/categories?post=135192"},{"taxonomy":"post_tag","embeddable":true,"href":"https:\/\/rdnews.al\/index.php\/wp-json\/wp\/v2\/tags?post=135192"}],"curies":[{"name":"wp","href":"https:\/\/api.w.org\/{rel}","templated":true}]}}