{"id":135195,"date":"2026-02-04T09:54:24","date_gmt":"2026-02-04T09:54:24","guid":{"rendered":"https:\/\/rdnews.al\/?p=135195"},"modified":"2026-02-04T09:55:15","modified_gmt":"2026-02-04T09:55:15","slug":"gazetari-gjyqtari-i-ceshtjes-balluku-i-vendosur-nga-ps-u-merrte-nga-300-euro-studenteve","status":"publish","type":"post","link":"https:\/\/rdnews.al\/index.php\/2026\/02\/04\/gazetari-gjyqtari-i-ceshtjes-balluku-i-vendosur-nga-ps-u-merrte-nga-300-euro-studenteve\/","title":{"rendered":"Gazetari: Gjyqtari i \u00e7\u00ebshtjes Balluku i vendosur nga PS, u merrte student\u00ebve nga 300 euro"},"content":{"rendered":"<p>Gazetari Almer Toska deklaron se nj\u00eb gjyqtar i Kushtetueses ka firmosur vendime n\u00eb kafe, p\u00ebrball\u00eb disa personave q\u00eb i jepte llogari dhe se sipas tij, i \u00ebsht\u00eb b\u00ebr\u00eb presion nga \u2018grupi i Ballukut\u2019.<\/p>\n<p>Sakaq, Toska hodhi akuza t\u00eb forta edhe p\u00ebr relatorin e \u00e7\u00ebshtjes s\u00eb Ballukut, Sand\u00ebr Becin, duke th\u00ebn\u00eb se \u00ebsht\u00eb i vendosur aty nga PS, gjithashtu \u00ebsht\u00eb nj\u00eb pedagog i cili jepte provime me 200-300 euro.<\/p>\n<p>\u201cGjykata Kushtetuese sot \u00ebsht\u00eb kthyer n\u00eb nj\u00eb ferr p\u00ebr t\u00eb gjith\u00eb an\u00ebtar\u00ebt. Sot GJK q\u00eb shihet si panteoni i drejt\u00ebsis\u00eb shqiptar\u00eb sot \u00ebsht\u00eb kthyer n\u00eb institucionin m\u00eb t\u00eb dob\u00ebt. Aktualisht aty po vlon di\u00e7ka, nj\u00eb kazan i nxeht\u00eb ku secili mundet ta shmange veten nga djegia q\u00eb mund t\u2019i vij\u00eb nga presionet q\u00eb mund t\u2019i vijn\u00eb nga politika apo nd\u00ebrkomb\u00ebtar\u00ebt.<\/p>\n<p>Investimi i VanHorn p\u00ebr \u00e7\u00ebshtjen Balluku \u00ebsht\u00eb shum\u00eb i lart\u00eb. Dhe nga ana tjet\u00ebr k\u00ebrc\u00ebnimet dhe presionet jan\u00eb shum\u00eb t\u00eb larta. Dua t\u00eb them se relatori i \u00e7\u00ebshtjes Sand\u00ebr Beci, i vendosur aty nga PS, ka qen\u00eb pedagog i p\u00ebrfolur se jepte provime me 200-300 euro. Kemi t\u00eb b\u00ebjm\u00eb me nj\u00eb v\u00ebzhgim absolut nga SPAK dhe ambasada. Presioni q\u00eb ka vendosur qeveria mbi an\u00ebtar\u00ebt e Gjykat\u00ebs Kushtetuese, ka detyruar SPAK t\u00eb b\u00ebj\u00eb monitorime.<\/p>\n<p>K\u00ebta njer\u00ebz duke mos qen\u00eb gjyqtar\u00eb profesionist\u00eb mund t\u00eb japin vendime t\u00eb padrejta. N\u00ebse do ket\u00eb gjyqtar t\u00eb arrestuar, t\u00eb par\u00ebt do jen\u00eb nga Gjykata Kushtetuese. P\u00ebrflitet q\u00eb nj\u00eb an\u00ebtar i GJK ka firmosur vendimin n\u00eb kafe p\u00ebrball\u00eb atyre q\u00eb jepte llogari. K\u00ebta jan\u00eb marr\u00eb jan\u00eb v\u00ebn\u00eb p\u00ebrball\u00eb \u2018tyt\u00ebs\u2019 q\u00eb mund t\u00eb jet\u00eb nj\u00eb thes me para, apo nj\u00eb presion ndryshe dhe i kan\u00eb th\u00ebn\u00eb firmos k\u00ebtu dhe jo n\u00eb zyr\u00eb dhe k\u00ebt\u00eb e ka b\u00ebr\u00eb politika, grupi i Ballukut\u201d, tha ai n\u00eb emisionin \u201cStudio24\u201d n\u00eb News24.<\/p>\n","protected":false},"excerpt":{"rendered":"<p>Gazetari Almer Toska deklaron se nj\u00eb gjyqtar i Kushtetueses ka firmosur vendime n\u00eb kafe, p\u00ebrball\u00eb disa personave q\u00eb i jepte llogari dhe se sipas tij, i \u00ebsht\u00eb b\u00ebr\u00eb presion nga \u2018grupi i Ballukut\u2019. Sakaq, Toska hodhi akuza t\u00eb forta edhe p\u00ebr relatorin e \u00e7\u00ebshtjes s\u00eb Ballukut, Sand\u00ebr Becin, duke th\u00ebn\u00eb se \u00ebsht\u00eb i vendosur aty &hellip;<\/p>\n","protected":false},"author":4,"featured_media":134133,"comment_status":"closed","ping_status":"closed","sticky":false,"template":"","format":"standard","meta":{"footnotes":""},"categories":[37],"tags":[],"class_list":["post-135195","post","type-post","status-publish","format-standard","has-post-thumbnail","","category-politike"],"_links":{"self":[{"href":"https:\/\/rdnews.al\/index.php\/wp-json\/wp\/v2\/posts\/135195","targetHints":{"allow":["GET"]}}],"collection":[{"href":"https:\/\/rdnews.al\/index.php\/wp-json\/wp\/v2\/posts"}],"about":[{"href":"https:\/\/rdnews.al\/index.php\/wp-json\/wp\/v2\/types\/post"}],"author":[{"embeddable":true,"href":"https:\/\/rdnews.al\/index.php\/wp-json\/wp\/v2\/users\/4"}],"replies":[{"embeddable":true,"href":"https:\/\/rdnews.al\/index.php\/wp-json\/wp\/v2\/comments?post=135195"}],"version-history":[{"count":2,"href":"https:\/\/rdnews.al\/index.php\/wp-json\/wp\/v2\/posts\/135195\/revisions"}],"predecessor-version":[{"id":135197,"href":"https:\/\/rdnews.al\/index.php\/wp-json\/wp\/v2\/posts\/135195\/revisions\/135197"}],"wp:featuredmedia":[{"embeddable":true,"href":"https:\/\/rdnews.al\/index.php\/wp-json\/wp\/v2\/media\/134133"}],"wp:attachment":[{"href":"https:\/\/rdnews.al\/index.php\/wp-json\/wp\/v2\/media?parent=135195"}],"wp:term":[{"taxonomy":"category","embeddable":true,"href":"https:\/\/rdnews.al\/index.php\/wp-json\/wp\/v2\/categories?post=135195"},{"taxonomy":"post_tag","embeddable":true,"href":"https:\/\/rdnews.al\/index.php\/wp-json\/wp\/v2\/tags?post=135195"}],"curies":[{"name":"wp","href":"https:\/\/api.w.org\/{rel}","templated":true}]}}