{"id":135198,"date":"2026-02-04T11:06:15","date_gmt":"2026-02-04T11:06:15","guid":{"rendered":"https:\/\/rdnews.al\/?p=135198"},"modified":"2026-02-04T11:06:15","modified_gmt":"2026-02-04T11:06:15","slug":"trafiku-i-mbetjeve-te-rrezikshme-mucollari-prokuroria-amnistoi-kumbaron-dhe-vengun-me-10-shkurt-te-ndalim-keta-bandite","status":"publish","type":"post","link":"https:\/\/rdnews.al\/index.php\/2026\/02\/04\/trafiku-i-mbetjeve-te-rrezikshme-mucollari-prokuroria-amnistoi-kumbaron-dhe-vengun-me-10-shkurt-te-ndalim-keta-bandite\/","title":{"rendered":"Trafiku i mbetjeve t\u00eb rrezikshme\/ Mu\u00e7ollari: Prokuroria amnistoi Kumbaron dhe Vengun! Me 10 shkurt t\u00eb ndalim k\u00ebta bandit\u00eb!"},"content":{"rendered":"<p><strong>Deklarata e an\u00ebtarit t\u00eb kryesis\u00eb s\u00eb PD, Grigels Mu\u00e7ollari:<\/strong><\/p>\n<p>Aksioni i prokuroris\u00eb kund\u00ebr trafikut t\u00eb paligjsh\u00ebm t\u00eb mbetjeve t\u00eb rrezikshme provoi nj\u00eb fakt t\u00eb thjesht\u00eb: p\u00ebr k\u00ebt\u00eb krim t\u00eb r\u00ebnd\u00eb mjedisor nuk ka asnj\u00eb p\u00ebrgjegj\u00ebsi politike. Ministrja e Mjedisit nuk mban p\u00ebrgjegj\u00ebsi. Drejtori i Portit t\u00eb Durr\u00ebsit nuk mban p\u00ebrgjegj\u00ebsi.<\/p>\n<p>Si\u00e7 e kemi paralajm\u00ebruar nga kjo Foltore, por edhe n\u00eb terren, Prokuroria e Durr\u00ebsit amnistoi Mirela Kumbaron dhe Pirro Vengun p\u00ebr krimin m\u00eb t\u00eb madh mjedisor t\u00eb regjistruar n\u00eb vend.<\/p>\n<p>Kemi par\u00eb shfaqjet publike t\u00eb Kumbaros si ministre, duke ndjekur qytetar\u00ebt dhe duke i fyer p\u00ebr nj\u00eb qese mbeturinash. Nd\u00ebrkoh\u00eb, n\u00ebn p\u00ebrgjegj\u00ebsin\u00eb e saj, 2800 ton\u00eb mbetje t\u00eb rrezikshme u ngarkuan n\u00eb Elbasan, u transportuan n\u00eb Durr\u00ebs dhe u nis\u00ebn drejt Tajland\u00ebs.<\/p>\n<p>Kemi par\u00eb po ashtu shfaqjet e Pirro Vengut si Drejtor i Portit t\u00eb Durr\u00ebsit, me deklarata p\u00ebr forcimin e siguris\u00eb dhe kontrolleve, n\u00eb bashk\u00ebpunim me policin\u00eb dhe doganat. Mburrje dhe propaganda boshe.<\/p>\n<p>N\u00eb realitet, n\u00ebn drejtimin e tij, 2800 ton\u00eb mbetje t\u00eb rrezikshme, t\u00eb shp\u00ebrndara n\u00eb 108 kontejner\u00eb, u ngarkuan pa asnj\u00eb penges\u00eb dhe u nis\u00ebn drejt Tajland\u00ebs. Dhe kjo nuk ishte ngarkesa e par\u00eb. Ishin disa t\u00eb tilla. Rreth 50 mij\u00eb ton\u00eb mbetje do t\u00eb kishin ndjekur t\u00eb nj\u00ebjtin itinerar, po t\u00eb mos ishte nd\u00ebrhyrja e autoriteteve t\u00eb vendeve t\u00eb tjera dhe Rrjeti i Bazelit.<\/p>\n<p>Prokuroria e Durr\u00ebsit mori m\u00eb shum\u00eb se nj\u00eb vit hetim dhe arriti n\u00eb nj\u00eb p\u00ebrfundim t\u00eb paracaktuar: fajtor\u00eb jan\u00eb disa specialist\u00eb dhe disa drejtor\u00eb t\u00eb nivelit t\u00eb mes\u00ebm. Ky \u00ebsht\u00eb nj\u00eb krim i dyt\u00eb, edhe m\u00eb i r\u00ebnd\u00eb se ai mjedisor: krimi i pand\u00ebshkueshm\u00ebris\u00eb.<\/p>\n<p>Mesazhi u dha qart\u00eb edhe nj\u00eb her\u00eb: njer\u00ebzit e Edi Ram\u00ebs nuk preken. Ashtu si\u00e7 po mbrohen edhe sot figura t\u00eb tjera t\u00eb p\u00ebrfshira n\u00eb afera t\u00eb r\u00ebnda.<\/p>\n<p>Edhe pse t\u00eb lidhur drejtp\u00ebrdrejt me trafikun e paligjsh\u00ebm t\u00eb mbetjeve t\u00eb rrezikshme, p\u00ebrgjegj\u00ebsit jo vet\u00ebm q\u00eb nuk u nd\u00ebshkuan, por u promovuan. Kumbaron e 2800 ton\u00ebve t\u00eb mbetjeve t\u00eb rrezikshme e d\u00ebrguan t\u00eb \u2018edukoj\u00eb\u2019 f\u00ebmij\u00ebt tan\u00eb. Vengun e 108 kontejner\u00ebve t\u00eb rreziksh\u00ebm e caktuan t\u00eb \u2018mbroj\u00eb\u2019 gjith\u00eb atdheun.<\/p>\n<p>Kjo ndodh kur p\u00ebrgjegj\u00ebsia, si hallk\u00eb morale e shoq\u00ebris\u00eb, nuk ekziston m\u00eb p\u00ebr qeverin\u00eb.<\/p>\n<p>N\u00eb k\u00ebto kushte, reagimi nuk \u00ebsht\u00eb zgjedhje. \u00cbsht\u00eb detyrim.<\/p>\n<p>T\u00eb bashkohemi m\u00eb 10 shkurt, ora 17.00 te Kryeministria, ku mbrohen dhe frym\u00ebzohen t\u00eb gjitha mbetjet e rrezikshme, mjedisore, politike dhe shoq\u00ebrore.<\/p>\n<p>Duhet ndalur k\u00ebta bandit\u00eb t\u00eb cil\u00ebt nuk ndalen para asgj\u00ebje!<\/p>\n","protected":false},"excerpt":{"rendered":"<p>Deklarata e an\u00ebtarit t\u00eb kryesis\u00eb s\u00eb PD, Grigels Mu\u00e7ollari: Aksioni i prokuroris\u00eb kund\u00ebr trafikut t\u00eb paligjsh\u00ebm t\u00eb mbetjeve t\u00eb rrezikshme provoi nj\u00eb fakt t\u00eb thjesht\u00eb: p\u00ebr k\u00ebt\u00eb krim t\u00eb r\u00ebnd\u00eb mjedisor nuk ka asnj\u00eb p\u00ebrgjegj\u00ebsi politike. Ministrja e Mjedisit nuk mban p\u00ebrgjegj\u00ebsi. Drejtori i Portit t\u00eb Durr\u00ebsit nuk mban p\u00ebrgjegj\u00ebsi. Si\u00e7 e kemi paralajm\u00ebruar nga &hellip;<\/p>\n","protected":false},"author":4,"featured_media":135199,"comment_status":"closed","ping_status":"closed","sticky":false,"template":"","format":"standard","meta":{"footnotes":""},"categories":[37],"tags":[],"class_list":["post-135198","post","type-post","status-publish","format-standard","has-post-thumbnail","","category-politike"],"_links":{"self":[{"href":"https:\/\/rdnews.al\/index.php\/wp-json\/wp\/v2\/posts\/135198","targetHints":{"allow":["GET"]}}],"collection":[{"href":"https:\/\/rdnews.al\/index.php\/wp-json\/wp\/v2\/posts"}],"about":[{"href":"https:\/\/rdnews.al\/index.php\/wp-json\/wp\/v2\/types\/post"}],"author":[{"embeddable":true,"href":"https:\/\/rdnews.al\/index.php\/wp-json\/wp\/v2\/users\/4"}],"replies":[{"embeddable":true,"href":"https:\/\/rdnews.al\/index.php\/wp-json\/wp\/v2\/comments?post=135198"}],"version-history":[{"count":1,"href":"https:\/\/rdnews.al\/index.php\/wp-json\/wp\/v2\/posts\/135198\/revisions"}],"predecessor-version":[{"id":135200,"href":"https:\/\/rdnews.al\/index.php\/wp-json\/wp\/v2\/posts\/135198\/revisions\/135200"}],"wp:featuredmedia":[{"embeddable":true,"href":"https:\/\/rdnews.al\/index.php\/wp-json\/wp\/v2\/media\/135199"}],"wp:attachment":[{"href":"https:\/\/rdnews.al\/index.php\/wp-json\/wp\/v2\/media?parent=135198"}],"wp:term":[{"taxonomy":"category","embeddable":true,"href":"https:\/\/rdnews.al\/index.php\/wp-json\/wp\/v2\/categories?post=135198"},{"taxonomy":"post_tag","embeddable":true,"href":"https:\/\/rdnews.al\/index.php\/wp-json\/wp\/v2\/tags?post=135198"}],"curies":[{"name":"wp","href":"https:\/\/api.w.org\/{rel}","templated":true}]}}