{"id":135201,"date":"2026-02-04T11:24:28","date_gmt":"2026-02-04T11:24:28","guid":{"rendered":"https:\/\/rdnews.al\/?p=135201"},"modified":"2026-02-04T11:24:28","modified_gmt":"2026-02-04T11:24:28","slug":"arrestimi-i-metes-ifimes-sundimi-i-ligjit-nuk-matet-nga-forca-e-represionit-duhet-hetim-nderkombetar","status":"publish","type":"post","link":"https:\/\/rdnews.al\/index.php\/2026\/02\/04\/arrestimi-i-metes-ifimes-sundimi-i-ligjit-nuk-matet-nga-forca-e-represionit-duhet-hetim-nderkombetar\/","title":{"rendered":"Arrestimi i Met\u00ebs\/ IFIMES: Sundimi i ligjit nuk matet nga forca e represionit! Duhet hetim nd\u00ebrkomb\u00ebtar"},"content":{"rendered":"<p>Instituti Nd\u00ebrkomb\u00ebtar p\u00ebr Studime t\u00eb Lindjes s\u00eb Mesme dhe Ballkanit (IFIMES) ka marr\u00eb n\u00eb shqyrtim rastin e arrestimit t\u00eb presidentit t\u00eb Partis\u00eb s\u00eb Liris\u00eb Ilir Meta.<\/p>\n<p>IFIMES ka dal\u00eb n\u00eb p\u00ebrfundimin se ka pasur mang\u00ebsi serioze procedurale gjat\u00eb arrestimit dhe ndalimit, duke p\u00ebrfshir\u00eb munges\u00ebn e provave se individi \u00ebsht\u00eb informuar menj\u00ebher\u00eb p\u00ebr arsyet e arrestimit, kufizimet n\u00eb t\u00eb drejt\u00ebn p\u00ebr akses t\u00eb menj\u00ebhersh\u00ebm n\u00eb nj\u00eb avokat, mosdh\u00ebnien e nj\u00eb karte t\u00eb t\u00eb drejtave dhe mir\u00ebmbajtjen joadekuate t\u00eb dokumentacionit zyrtar.<\/p>\n<p>IFIMES ka evidentuar gjithashtu dob\u00ebsit\u00eb sistemike n\u00eb sjelljen e Policis\u00eb s\u00eb Shtetit me n\u00eb krye Ilir Prod\u00ebn, gjat\u00eb arrestimit t\u00eb ish-Presidentit Ilir Meta.<\/p>\n<p>\u201c\u00c7\u00ebshtja kryesore n\u00eb k\u00ebt\u00eb rast nuk \u00ebsht\u00eb ekzistenca e nj\u00eb vendimi gjyq\u00ebsor, por m\u00ebnyra e zbatimit t\u00eb tij. Sundimi i ligjit nuk matet nga forca e represionit, por nga q\u00ebndrueshm\u00ebria e respektimit t\u00eb procedurave, respekti p\u00ebr dinjitetin njer\u00ebzor dhe p\u00ebrputhshm\u00ebria me parimet e prezumimit t\u00eb pafaj\u00ebsis\u00eb dhe transparenc\u00ebs. Zbatimi konsistent i rekomandimeve t\u00eb Avokatit t\u00eb Popullit p\u00ebrfaq\u00ebson nj\u00eb hap t\u00eb nevojsh\u00ebm drejt forcimit t\u00eb llogaridh\u00ebnies institucionale, profesionalizimit t\u00eb policis\u00eb dhe ruajtjes s\u00eb standardeve evropiane[11] t\u00eb t\u00eb drejtave t\u00eb njeriut n\u00eb Shqip\u00ebri\u201d, thuhet n\u00eb raport.<\/p>\n<p>N\u00eb p\u00ebrfundim IFIMES ka k\u00ebrkuar vendosjen e monitorimit nd\u00ebrkomb\u00ebtar t\u00eb rastit Ilir Metaj.<\/p>\n<p>\u201cDuke pasur parasysh r\u00ebnd\u00ebsin\u00eb politike t\u00eb k\u00ebtij rasti dhe k\u00ebrc\u00ebnimin potencial p\u00ebr normat demokratike, IFIMES k\u00ebrkon vendosjen e monitorimit nd\u00ebrkomb\u00ebtar t\u00eb rastit Ilir Metaj p\u00ebr t\u00eb garantuar respektimin e plot\u00eb t\u00eb standardeve t\u00eb t\u00eb drejtave t\u00eb njeriut, p\u00ebr t\u00eb siguruar transparenc\u00ebn dhe p\u00ebr t\u00eb mbrojtur lirit\u00eb themelore\u201d, thuhet n\u00eb raport.<\/p>\n","protected":false},"excerpt":{"rendered":"<p>Instituti Nd\u00ebrkomb\u00ebtar p\u00ebr Studime t\u00eb Lindjes s\u00eb Mesme dhe Ballkanit (IFIMES) ka marr\u00eb n\u00eb shqyrtim rastin e arrestimit t\u00eb presidentit t\u00eb Partis\u00eb s\u00eb Liris\u00eb Ilir Meta. IFIMES ka dal\u00eb n\u00eb p\u00ebrfundimin se ka pasur mang\u00ebsi serioze procedurale gjat\u00eb arrestimit dhe ndalimit, duke p\u00ebrfshir\u00eb munges\u00ebn e provave se individi \u00ebsht\u00eb informuar menj\u00ebher\u00eb p\u00ebr arsyet e arrestimit, &hellip;<\/p>\n","protected":false},"author":4,"featured_media":135202,"comment_status":"closed","ping_status":"closed","sticky":false,"template":"","format":"standard","meta":{"footnotes":""},"categories":[37],"tags":[],"class_list":["post-135201","post","type-post","status-publish","format-standard","has-post-thumbnail","","category-politike"],"_links":{"self":[{"href":"https:\/\/rdnews.al\/index.php\/wp-json\/wp\/v2\/posts\/135201","targetHints":{"allow":["GET"]}}],"collection":[{"href":"https:\/\/rdnews.al\/index.php\/wp-json\/wp\/v2\/posts"}],"about":[{"href":"https:\/\/rdnews.al\/index.php\/wp-json\/wp\/v2\/types\/post"}],"author":[{"embeddable":true,"href":"https:\/\/rdnews.al\/index.php\/wp-json\/wp\/v2\/users\/4"}],"replies":[{"embeddable":true,"href":"https:\/\/rdnews.al\/index.php\/wp-json\/wp\/v2\/comments?post=135201"}],"version-history":[{"count":1,"href":"https:\/\/rdnews.al\/index.php\/wp-json\/wp\/v2\/posts\/135201\/revisions"}],"predecessor-version":[{"id":135203,"href":"https:\/\/rdnews.al\/index.php\/wp-json\/wp\/v2\/posts\/135201\/revisions\/135203"}],"wp:featuredmedia":[{"embeddable":true,"href":"https:\/\/rdnews.al\/index.php\/wp-json\/wp\/v2\/media\/135202"}],"wp:attachment":[{"href":"https:\/\/rdnews.al\/index.php\/wp-json\/wp\/v2\/media?parent=135201"}],"wp:term":[{"taxonomy":"category","embeddable":true,"href":"https:\/\/rdnews.al\/index.php\/wp-json\/wp\/v2\/categories?post=135201"},{"taxonomy":"post_tag","embeddable":true,"href":"https:\/\/rdnews.al\/index.php\/wp-json\/wp\/v2\/tags?post=135201"}],"curies":[{"name":"wp","href":"https:\/\/api.w.org\/{rel}","templated":true}]}}