{"id":135214,"date":"2026-02-04T12:38:00","date_gmt":"2026-02-04T12:38:00","guid":{"rendered":"https:\/\/rdnews.al\/?p=135214"},"modified":"2026-02-04T12:38:00","modified_gmt":"2026-02-04T12:38:00","slug":"berisha-gjykata-kushtetuese-eshte-strofulla-e-fundit-e-hajduteve-ajo-zbaton-ne-menyre-kriminale-urdhrat-e-edi-rames","status":"publish","type":"post","link":"https:\/\/rdnews.al\/index.php\/2026\/02\/04\/berisha-gjykata-kushtetuese-eshte-strofulla-e-fundit-e-hajduteve-ajo-zbaton-ne-menyre-kriminale-urdhrat-e-edi-rames\/","title":{"rendered":"Berisha: Gjykata Kushtetuese \u00ebsht\u00eb strofulla e fundit e hajdut\u00ebve, ajo zbaton n\u00eb m\u00ebnyr\u00eb kriminale urdhrat e Edi Ram\u00ebs"},"content":{"rendered":"<p>Kryetari i Partis\u00eb Demokratike deklaroi gjat\u00eb nj\u00eb konference shtypi se, Gjykata Kushtetuese \u00ebsht\u00eb strofulla e fundit e hajdut\u00ebve, ajo zbaton n\u00eb m\u00ebnyr\u00eb kriminale urdhrat e Edi Ram\u00ebs.<\/p>\n<p><strong>Berisha:<\/strong> T\u00eb dashur qytetare dhe qytetar\u00eb, dita e djeshme faktoi para secilit prej jush, para t\u00eb gjith\u00eb shqiptar\u00ebve, para komunitetit nd\u00ebrkomb\u00ebtar dhe mbar\u00eb bot\u00ebs se Gjykata Kushtetuese e Shqip\u00ebris\u00eb \u00ebsht\u00eb strofulla e fundit e hajdut\u00ebve tuaj.<\/p>\n<p>N\u00eb nj\u00eb akt ekstrem vet\u00ebposht\u00ebrimi, ata t\u00eb cil\u00ebt Kushtetuta i p\u00ebrcakton si garant\u00eb t\u00eb saj dhe i ka vendosur n\u00eb piedestalin m\u00eb t\u00eb lart\u00eb t\u00eb piramid\u00ebs s\u00eb pushtetit gjyq\u00ebsor, ata po faktojn\u00eb para syve tuaj se jan\u00eb strofulla e fundit e hajdut\u00ebve t\u00eb narkoshtetit.<\/p>\n<p>Ata zot\u00ebrinj dhe zonja, natyrisht jo t\u00eb gjith\u00eb, se k\u00ebtu nuk mund t\u00eb mos vler\u00ebsoj q\u00ebndrime korrekte t\u00eb ndonj\u00ebrit prej tyre, d\u00ebshmojn\u00eb se jan\u00eb t\u00eb gatsh\u00ebm jo t\u00eb mbrojn\u00eb ligjin, Kushtetut\u00ebn dhe interesat tuaja, por t\u00eb shkelmojn\u00eb mbi ligjin, Kushtetut\u00ebn dhe dinjitetin, moralin e vet.<\/p>\n<p>Vet\u00ebm e vet\u00ebm p\u00ebr t\u00eb zbatuar p\u00ebrul\u00ebsisht, p\u00ebr t\u00eb zbatuar n\u00eb m\u00ebnyr\u00ebn m\u00eb kriminale urdhrat e Edi Ram\u00ebs.<\/p>\n<p>K\u00ebsaj here nuk kam pyetur se cili apo cila k\u00ebrkoi zgjatjen. Jo. Kjo ishte e treta her\u00eb.<\/p>\n<p>Tre her\u00eb me radh\u00eb ajo gjykat\u00eb firmosi turpin e saj.<\/p>\n<p>Ajo gjykat\u00eb d\u00ebshmoi se para ligjit, para interesit t\u00eb nj\u00eb populli t\u00eb t\u00ebr\u00eb, para interesit t\u00eb qindra mij\u00ebra f\u00ebmij\u00ebve shqiptar\u00eb, q\u00eb sipas t\u00eb gjitha statistikave nuk ushqehen dot si duhet, para interesit t\u00eb miliona shqiptar\u00ebve q\u00eb braktisin vendin e tyre sepse u shkat\u00ebrrohen vendet e pun\u00ebs, para interesit t\u00eb mij\u00ebra t\u00eb s\u00ebmur\u00ebve q\u00eb nuk marrin dot ila\u00e7et e tyre sepse u vidhen parat\u00eb e ila\u00e7eve nga zyrtar\u00ebt q\u00eb k\u00ebta mbrojn\u00eb, por edhe para dinjitetit t\u00eb vendit, k\u00ebta jan\u00eb turpi i vendit, turpi i kombit.<\/p>\n<p>K\u00ebta e b\u00ebjn\u00eb Shqip\u00ebrin\u00eb hore para gjith\u00eb bot\u00ebs me gjith\u00eb k\u00ebto q\u00ebndrime.<\/p>\n<p>K\u00ebta e b\u00ebjn\u00eb Shqip\u00ebrin\u00eb nj\u00eb shtet hor, zuzar, q\u00eb nuk ka as ligj dhe as Kushtetut\u00eb, dhe e b\u00ebjn\u00eb vet\u00ebm p\u00ebr interesa personale.<\/p>\n<p>Kemi t\u00eb b\u00ebjm\u00eb me nj\u00eb degradim t\u00eb shkall\u00ebs m\u00eb t\u00eb thell\u00eb q\u00eb mund t\u00eb ekzistoj\u00eb.<\/p>\n<p>Me ambiguitetin e tyre tregojn\u00eb se sa t\u00eb pakarakter dhe t\u00eb pafytyr\u00eb jan\u00eb.<\/p>\n<p>Se \u00e7far\u00eb turp njer\u00ebzish p\u00ebrfaq\u00ebsojn\u00eb.<\/p>\n<p>\u00cbsht\u00eb tjet\u00ebr kur ti haptas merr an\u00eb dhe i del p\u00ebrpara t\u00eb t\u00eb shohin fytyr\u00ebn.<\/p>\n<p>Kurse k\u00ebta t\u00eb pafytyr\u00eb marrin peng institucionin kryesor t\u00eb drejt\u00ebsis\u00eb, Gjykat\u00ebn Kushtetuese.<\/p>\n<p>Tjetri ngrihet si mi, nj\u00eb degjenerat\u00eb njer\u00ebzor si ai, nuk ka tjet\u00ebr, dhe ik\u00ebn nga takimi.<\/p>\n<p>Po ka turpe t\u00eb tilla m\u00eb t\u00eb m\u00ebdha, sepse i nxirret dosja e Oltion Bistrit.<\/p>\n","protected":false},"excerpt":{"rendered":"<p>Kryetari i Partis\u00eb Demokratike deklaroi gjat\u00eb nj\u00eb konference shtypi se, Gjykata Kushtetuese \u00ebsht\u00eb strofulla e fundit e hajdut\u00ebve, ajo zbaton n\u00eb m\u00ebnyr\u00eb kriminale urdhrat e Edi Ram\u00ebs. Berisha: T\u00eb dashur qytetare dhe qytetar\u00eb, dita e djeshme faktoi para secilit prej jush, para t\u00eb gjith\u00eb shqiptar\u00ebve, para komunitetit nd\u00ebrkomb\u00ebtar dhe mbar\u00eb bot\u00ebs se Gjykata Kushtetuese e &hellip;<\/p>\n","protected":false},"author":4,"featured_media":135215,"comment_status":"closed","ping_status":"closed","sticky":false,"template":"","format":"standard","meta":{"footnotes":""},"categories":[37],"tags":[],"class_list":["post-135214","post","type-post","status-publish","format-standard","has-post-thumbnail","","category-politike"],"_links":{"self":[{"href":"https:\/\/rdnews.al\/index.php\/wp-json\/wp\/v2\/posts\/135214","targetHints":{"allow":["GET"]}}],"collection":[{"href":"https:\/\/rdnews.al\/index.php\/wp-json\/wp\/v2\/posts"}],"about":[{"href":"https:\/\/rdnews.al\/index.php\/wp-json\/wp\/v2\/types\/post"}],"author":[{"embeddable":true,"href":"https:\/\/rdnews.al\/index.php\/wp-json\/wp\/v2\/users\/4"}],"replies":[{"embeddable":true,"href":"https:\/\/rdnews.al\/index.php\/wp-json\/wp\/v2\/comments?post=135214"}],"version-history":[{"count":1,"href":"https:\/\/rdnews.al\/index.php\/wp-json\/wp\/v2\/posts\/135214\/revisions"}],"predecessor-version":[{"id":135216,"href":"https:\/\/rdnews.al\/index.php\/wp-json\/wp\/v2\/posts\/135214\/revisions\/135216"}],"wp:featuredmedia":[{"embeddable":true,"href":"https:\/\/rdnews.al\/index.php\/wp-json\/wp\/v2\/media\/135215"}],"wp:attachment":[{"href":"https:\/\/rdnews.al\/index.php\/wp-json\/wp\/v2\/media?parent=135214"}],"wp:term":[{"taxonomy":"category","embeddable":true,"href":"https:\/\/rdnews.al\/index.php\/wp-json\/wp\/v2\/categories?post=135214"},{"taxonomy":"post_tag","embeddable":true,"href":"https:\/\/rdnews.al\/index.php\/wp-json\/wp\/v2\/tags?post=135214"}],"curies":[{"name":"wp","href":"https:\/\/api.w.org\/{rel}","templated":true}]}}