{"id":135239,"date":"2026-02-04T18:07:15","date_gmt":"2026-02-04T18:07:15","guid":{"rendered":"https:\/\/rdnews.al\/?p=135239"},"modified":"2026-02-04T18:07:15","modified_gmt":"2026-02-04T18:07:15","slug":"berisha-berluskoni-nuk-iu-shmang-kurre-drejtesise-kurse-rama-po-merr-zvarre-shtetin-dhe-cdo-gje","status":"publish","type":"post","link":"https:\/\/rdnews.al\/index.php\/2026\/02\/04\/berisha-berluskoni-nuk-iu-shmang-kurre-drejtesise-kurse-rama-po-merr-zvarre-shtetin-dhe-cdo-gje\/","title":{"rendered":"Berisha: Berluskoni nuk iu shmang kurr\u00eb drejt\u00ebsis\u00eb, kurse Rama po merr zvarr\u00eb shtetin dhe \u00e7do gj\u00eb!"},"content":{"rendered":"<p>Kryetari i PD, Sali Berisha, n\u00eb fjal\u00ebn e tij n\u00eb Foltoren me deg\u00ebt 1 dhe 3 n\u00eb Tiran\u00eb i b\u00ebri krahasimin mes Shqip\u00ebris\u00eb dhe Italis\u00eb, ku sipas tij, i ndjeri kryeministri Silvio Berluskoni nuk i\u2019u shmang asnj\u00ebher\u00eb drejt\u00ebsis\u00eb, nd\u00ebrsa Edi Rama po e merr zvarr\u00eb shtetin p\u00ebr \u00e7do gj\u00eb.<\/p>\n<p>Berisha tha se, ish-kryeministri i ndjer\u00eb i Italis\u00eb, nj\u00eb mik i madh i Shqip\u00ebris\u00eb, Silvio Berluskoni, e majta komuniste italiane iu p\u00ebrvesh, por edhe kur ishte kryeminist\u00ebr n\u00eb detyr\u00eb, kur kryesonte G 7-t\u00ebn, ai nuk iu shmang urdhrave t\u00eb drejt\u00ebsis\u00eb. Edhe kur ato sh\u00ebnonin padrejt\u00ebsin\u00eb m\u00eb t\u00eb madhe, ai nuk u shmang.<\/p>\n<p><strong>Berisha: <\/strong>T\u00eb dashur demokrate e demokrat\u00eb t\u00eb pranish\u00ebm sot n\u00eb k\u00ebt\u00eb sall\u00eb, ju p\u00ebrsh\u00ebndes me p\u00ebrzem\u00ebrsin\u00eb m\u00eb t\u00eb madhe ju, p\u00ebrsh\u00ebndes t\u00eb gjith\u00eb an\u00ebtar\u00ebt dhe mb\u00ebshtet\u00ebsit e PD t\u00eb deg\u00ebve t\u00eb tuaj, t\u00eb Tiran\u00ebs dhe t\u00eb mbar\u00eb Shqip\u00ebris\u00eb.<\/p>\n<p>T\u00eb dashur kryetar\u00eb t\u00eb deg\u00ebve, Ilir, Floriana, faleminderit shum\u00eb q\u00eb keni ardhur n\u00eb k\u00ebt\u00eb takim.<\/p>\n<p>Ne mblidhemi n\u00eb nj\u00eb koh\u00eb nd\u00ebr m\u00eb kritiket p\u00ebr vendin dhe p\u00ebr shtetin shqiptar.<\/p>\n<p>Mblidhemi n\u00eb nj\u00eb koh\u00eb n\u00eb t\u00eb cil\u00ebn kurr\u00eb n\u00eb histori nuk ka ekzistuar nj\u00eb degradim kaq ekstrem i atij q\u00eb quhet shtet.<\/p>\n<p>Degradimi, degjenerimi n\u00eb kuptimin absolut t\u00eb fjal\u00ebs i karakterit dhe moralit zyrtar dhe ligjor t\u00eb njer\u00ebzve t\u00eb k\u00ebtij pushteti, tejkalon \u00e7do lloj parashikimi, libri q\u00eb mund t\u00eb keni lexuar apo filmi q\u00eb mund t\u00eb keni par\u00eb.<\/p>\n<p>Ne q\u00eb kemi jetuar n\u00eb dy diktatura, ne b\u00ebjm\u00eb krahasime dhe u them un\u00eb q\u00eb n\u00eb memorien ton\u00eb, kurr\u00eb nuk ka ekzistuar n\u00eb Europ\u00eb nj\u00eb diktatur\u00eb e zez\u00eb si ajo e Enver Hoxh\u00ebs.<\/p>\n<p>Por u garantoj se disa aspekte, dhe jo t\u00eb pak\u00ebta, ky regjim sot \u00ebsht\u00eb m\u00eb shkat\u00ebrrimtar p\u00ebr qenien shqiptare se sa \u00e7\u2019ishte regjimi m\u00eb i par\u00eb.<\/p>\n<p>Miq, k\u00ebtu un\u00eb flas me njer\u00ebz politik\u00eb, flas me njer\u00ebz q\u00eb kan\u00eb vite, dekada q\u00eb merren me politik\u00eb dhe \u00ebsht\u00eb jasht\u00ebzakonisht e r\u00ebnd\u00ebsishme q\u00eb mesazhet ne t\u2019i p\u00ebrcjellim tek \u00e7do mik, tek \u00e7do mikesh\u00eb, tek \u00e7do an\u00ebtar i familjes, tek \u00e7do i ri.<\/p>\n<p>Degradimi i k\u00ebtyre pushtetar\u00ebve ka kufi vet\u00ebm qiellin.<\/p>\n<p>Do t\u2019u jap nj\u00eb shembull.<\/p>\n<p>Ish-kryeministri i ndjer\u00eb i Italis\u00eb, nj\u00eb mik i madh i Shqip\u00ebris\u00eb, Silvio Berluskoni, e majta komuniste italiane iu p\u00ebrvesh, por edhe kur ishte kryeminist\u00ebr n\u00eb detyr\u00eb, kur kryesonte G 7-t\u00ebn, ai nuk iu shmang urdhrave t\u00eb drejt\u00ebsis\u00eb.<\/p>\n<p>Edhe kur ato sh\u00ebnonin padrejt\u00ebsin\u00eb m\u00eb t\u00eb madhe, ai nuk u shmang.<\/p>\n<p>Ai nuk tha kurr\u00eb se nuk do t\u00eb paraqitem.<\/p>\n<p>Shikoni se \u00e7\u2019ndodh me k\u00ebt\u00eb bastard te xhelat\u00ebve komunist\u00eb, t\u00eb Spiro Kolek\u00ebs dhe Kristaq Ram\u00ebs.<\/p>\n<p>Shikoni miq se si i merr zvarr\u00eb shtetin dhe \u00e7do gj\u00eb.<\/p>\n<p>A ka turp m\u00eb t\u00eb madh, a mund t\u00eb b\u00ebjn\u00eb nj\u00eb turp m\u00eb t\u00eb madh ata gjykat\u00ebs q\u00eb duhet t\u00eb jen\u00eb gjykat\u00ebsit m\u00eb epror\u00eb t\u00eb shqiptar\u00ebve q\u00eb e trajtojn\u00eb veten si larva, pa karakter, pa dinjitet, pa shtyll\u00eb kurrizore, pa asgj\u00eb?<\/p>\n<p>Por mos harroni se ata jan\u00eb gjykat\u00ebsit q\u00eb vendosin p\u00ebr t\u00eb drejt\u00ebn ton\u00eb.<\/p>\n<p>Ata vendosin.<\/p>\n<p>Ata pranojn\u00eb \u00e7do lloj posht\u00ebrimi dhe vet\u00ebposht\u00ebrimi.<\/p>\n<p>Pse?<\/p>\n<p>Ata kan\u00eb degraduar n\u00eb at\u00eb shkall\u00eb nga frika dhe tmerri q\u00eb kan\u00eb nga diktati i Edi Ram\u00ebs.<\/p>\n","protected":false},"excerpt":{"rendered":"<p>Kryetari i PD, Sali Berisha, n\u00eb fjal\u00ebn e tij n\u00eb Foltoren me deg\u00ebt 1 dhe 3 n\u00eb Tiran\u00eb i b\u00ebri krahasimin mes Shqip\u00ebris\u00eb dhe Italis\u00eb, ku sipas tij, i ndjeri kryeministri Silvio Berluskoni nuk i\u2019u shmang asnj\u00ebher\u00eb drejt\u00ebsis\u00eb, nd\u00ebrsa Edi Rama po e merr zvarr\u00eb shtetin p\u00ebr \u00e7do gj\u00eb. Berisha tha se, ish-kryeministri i ndjer\u00eb &hellip;<\/p>\n","protected":false},"author":4,"featured_media":135240,"comment_status":"closed","ping_status":"closed","sticky":false,"template":"","format":"standard","meta":{"footnotes":""},"categories":[37],"tags":[],"class_list":["post-135239","post","type-post","status-publish","format-standard","has-post-thumbnail","","category-politike"],"_links":{"self":[{"href":"https:\/\/rdnews.al\/index.php\/wp-json\/wp\/v2\/posts\/135239","targetHints":{"allow":["GET"]}}],"collection":[{"href":"https:\/\/rdnews.al\/index.php\/wp-json\/wp\/v2\/posts"}],"about":[{"href":"https:\/\/rdnews.al\/index.php\/wp-json\/wp\/v2\/types\/post"}],"author":[{"embeddable":true,"href":"https:\/\/rdnews.al\/index.php\/wp-json\/wp\/v2\/users\/4"}],"replies":[{"embeddable":true,"href":"https:\/\/rdnews.al\/index.php\/wp-json\/wp\/v2\/comments?post=135239"}],"version-history":[{"count":1,"href":"https:\/\/rdnews.al\/index.php\/wp-json\/wp\/v2\/posts\/135239\/revisions"}],"predecessor-version":[{"id":135241,"href":"https:\/\/rdnews.al\/index.php\/wp-json\/wp\/v2\/posts\/135239\/revisions\/135241"}],"wp:featuredmedia":[{"embeddable":true,"href":"https:\/\/rdnews.al\/index.php\/wp-json\/wp\/v2\/media\/135240"}],"wp:attachment":[{"href":"https:\/\/rdnews.al\/index.php\/wp-json\/wp\/v2\/media?parent=135239"}],"wp:term":[{"taxonomy":"category","embeddable":true,"href":"https:\/\/rdnews.al\/index.php\/wp-json\/wp\/v2\/categories?post=135239"},{"taxonomy":"post_tag","embeddable":true,"href":"https:\/\/rdnews.al\/index.php\/wp-json\/wp\/v2\/tags?post=135239"}],"curies":[{"name":"wp","href":"https:\/\/api.w.org\/{rel}","templated":true}]}}