{"id":135260,"date":"2026-02-04T18:41:52","date_gmt":"2026-02-04T18:41:52","guid":{"rendered":"https:\/\/rdnews.al\/?p=135260"},"modified":"2026-02-04T18:41:52","modified_gmt":"2026-02-04T18:41:52","slug":"berisha-jemi-ne-kilometrin-e-fundit-me-daten-10-qytetaret-do-i-japin-leksionin-e-merituar-ketij-regjimi","status":"publish","type":"post","link":"https:\/\/rdnews.al\/index.php\/2026\/02\/04\/berisha-jemi-ne-kilometrin-e-fundit-me-daten-10-qytetaret-do-i-japin-leksionin-e-merituar-ketij-regjimi\/","title":{"rendered":"Berisha: Jemi n\u00eb kilometrin e fundit! Me dat\u00ebn 10 qytetar\u00ebt do i japin leksionin e merituar k\u00ebtij regjimi"},"content":{"rendered":"<p>Kryetari i PD, Sali Berisha u shpreh se, tani jemi n\u00eb kilometrin e fundit, nd\u00ebrkaq ka b\u00ebr\u00eb thirrje p\u00ebr pjes\u00ebmarrje masive n\u00eb protest\u00ebn e 10 shkurtit.<\/p>\n<p>Ai tha se, do merremi me protest\u00ebn, do b\u00ebjm\u00eb gjith\u00e7ka p\u00ebr suksesin e saj. Do merremi me seksionin, do b\u00ebjm\u00eb gjith\u00e7ka p\u00ebr t\u00eb ngritur n\u00eb k\u00ebmb\u00eb dhe t\u00eb jet\u00eb sa m\u00eb i fort\u00eb.<\/p>\n<p><strong>Berisha: <\/strong>E thash\u00eb k\u00ebt\u00eb, sepse kjo koh\u00eb \u00ebsht\u00eb koh\u00eb e v\u00ebshtir\u00eb.<\/p>\n<p>Kjo k\u00ebrkon q\u00eb ne&#8230; un\u00eb e di fare normale t\u00eb thoni se do merremi vet\u00ebm me k\u00ebt\u00eb.<\/p>\n<p>Jo, do merremi me shum\u00eb gj\u00ebra n\u00eb k\u00ebt\u00eb koh\u00eb.<\/p>\n<p>Do merremi me protest\u00ebn, do b\u00ebjm\u00eb gjith\u00e7ka p\u00ebr suksesin e saj.<\/p>\n<p>Do merremi me seksionin, do b\u00ebjm\u00eb gjith\u00e7ka p\u00ebr t\u00eb ngritur n\u00eb k\u00ebmb\u00eb dhe t\u00eb jet\u00eb sa m\u00eb i fort\u00eb.<\/p>\n<p>Do merremi me an\u00ebtar\u00ebsime t\u00eb reja, do b\u00ebjm\u00eb gjith\u00e7ka q\u00eb t\u00eb t\u00ebrheqim t\u00eb rinj, t\u00eb reja, qytetar\u00eb, idealist\u00eb, njer\u00ebz me vlera.<\/p>\n<p>Do b\u00ebjm\u00eb gjith\u00e7ka p\u00ebr t\u00eb nxitur frym\u00ebn e revolt\u00ebs n\u00eb \u00e7do zem\u00ebr, n\u00eb \u00e7do shpirt.<\/p>\n<p>N\u00eb \u00e7do vat\u00ebr, tek \u00e7do shqiptar.<\/p>\n<p>Revolt\u00eb dhe vet\u00ebm revolt\u00eb.<\/p>\n<p>Kemi arritur disa objektiva, jemi n\u00eb kilometrin e fundit, prap\u00eb e them.<\/p>\n<p>Asgj\u00eb n\u00eb bot\u00eb nuk do mund t\u00eb ndal\u00eb marshin ton\u00eb.<\/p>\n<p>Ndaj dhe me dat\u00ebn 10, qytetar\u00ebt e Tiran\u00ebs dhe mbar\u00eb Shqip\u00ebris\u00eb jan\u00eb t\u00eb ftuar p\u00ebr t\u2019i th\u00ebn\u00eb leksionin e merituar k\u00ebtij regjimi dhe kreut t\u00eb tij, Edi Rama.<\/p>\n","protected":false},"excerpt":{"rendered":"<p>Kryetari i PD, Sali Berisha u shpreh se, tani jemi n\u00eb kilometrin e fundit, nd\u00ebrkaq ka b\u00ebr\u00eb thirrje p\u00ebr pjes\u00ebmarrje masive n\u00eb protest\u00ebn e 10 shkurtit. Ai tha se, do merremi me protest\u00ebn, do b\u00ebjm\u00eb gjith\u00e7ka p\u00ebr suksesin e saj. Do merremi me seksionin, do b\u00ebjm\u00eb gjith\u00e7ka p\u00ebr t\u00eb ngritur n\u00eb k\u00ebmb\u00eb dhe t\u00eb jet\u00eb &hellip;<\/p>\n","protected":false},"author":4,"featured_media":135261,"comment_status":"closed","ping_status":"closed","sticky":false,"template":"","format":"standard","meta":{"footnotes":""},"categories":[37],"tags":[],"class_list":["post-135260","post","type-post","status-publish","format-standard","has-post-thumbnail","","category-politike"],"_links":{"self":[{"href":"https:\/\/rdnews.al\/index.php\/wp-json\/wp\/v2\/posts\/135260","targetHints":{"allow":["GET"]}}],"collection":[{"href":"https:\/\/rdnews.al\/index.php\/wp-json\/wp\/v2\/posts"}],"about":[{"href":"https:\/\/rdnews.al\/index.php\/wp-json\/wp\/v2\/types\/post"}],"author":[{"embeddable":true,"href":"https:\/\/rdnews.al\/index.php\/wp-json\/wp\/v2\/users\/4"}],"replies":[{"embeddable":true,"href":"https:\/\/rdnews.al\/index.php\/wp-json\/wp\/v2\/comments?post=135260"}],"version-history":[{"count":1,"href":"https:\/\/rdnews.al\/index.php\/wp-json\/wp\/v2\/posts\/135260\/revisions"}],"predecessor-version":[{"id":135262,"href":"https:\/\/rdnews.al\/index.php\/wp-json\/wp\/v2\/posts\/135260\/revisions\/135262"}],"wp:featuredmedia":[{"embeddable":true,"href":"https:\/\/rdnews.al\/index.php\/wp-json\/wp\/v2\/media\/135261"}],"wp:attachment":[{"href":"https:\/\/rdnews.al\/index.php\/wp-json\/wp\/v2\/media?parent=135260"}],"wp:term":[{"taxonomy":"category","embeddable":true,"href":"https:\/\/rdnews.al\/index.php\/wp-json\/wp\/v2\/categories?post=135260"},{"taxonomy":"post_tag","embeddable":true,"href":"https:\/\/rdnews.al\/index.php\/wp-json\/wp\/v2\/tags?post=135260"}],"curies":[{"name":"wp","href":"https:\/\/api.w.org\/{rel}","templated":true}]}}