{"id":135325,"date":"2026-02-05T17:35:25","date_gmt":"2026-02-05T17:35:25","guid":{"rendered":"https:\/\/rdnews.al\/?p=135325"},"modified":"2026-02-05T17:35:25","modified_gmt":"2026-02-05T17:35:25","slug":"mberrin-ne-ild-ankesa-per-gjyqtaren-irena-gjoka-kerkohet-hetim","status":"publish","type":"post","link":"https:\/\/rdnews.al\/index.php\/2026\/02\/05\/mberrin-ne-ild-ankesa-per-gjyqtaren-irena-gjoka-kerkohet-hetim\/","title":{"rendered":"Mb\u00ebrrin n\u00eb ILD ankesa p\u00ebr gjyqtaren Irena Gjoka, k\u00ebrkohet hetim\u00a0"},"content":{"rendered":"<h4 class=\"jeg_post_subtitle\">Institucioni i Inspektorit t\u00eb Lart\u00eb t\u00eb Drejt\u00ebsis\u00eb b\u00ebri me dije se do t\u00eb shqyrtoj\u00eb ankes\u00ebn e nj\u00eb an\u00ebtari t\u00eb K\u00ebshillit t\u00eb Lart\u00eb Gjyq\u00ebsor me objekt fillimin e hetimit p\u00ebr shkelje disiplinore ndaj gjyqtares s\u00eb Gjykat\u00ebs s\u00eb Posa\u00e7me t\u00eb Shkall\u00ebs s\u00eb Par\u00eb, Irena Gjoka.<\/h4>\n<p>Pasi gjasht\u00eb an\u00ebtar\u00eb t\u00eb K\u00ebshillit t\u00eb Lart\u00eb Gjyq\u00ebsor, KLGJ, rr\u00ebzuan nj\u00eb jav\u00eb m\u00eb par\u00eb k\u00ebrkes\u00ebn e kat\u00ebr koleg\u00ebve p\u00ebr fillimin e procedur\u00ebs s\u00eb verifikimit t\u00eb statusit t\u00eb gjyqtares Irena Gjoka, nj\u00eb prej an\u00ebtar\u00ebve t\u00eb k\u00ebtij k\u00ebshilli ka depozituar t\u00eb mart\u00ebn, m\u00eb 3 shkurt, ankes\u00eb pran\u00eb Inspektorit t\u00eb Lart\u00eb t\u00eb Drejt\u00ebsis\u00eb, ILD. N\u00ebp\u00ebrmjet nj\u00eb p\u00ebrgjigjeje me shkrim q\u00eb ILD i d\u00ebrgoi BIRN-it t\u00eb enjten, m\u00eb 5 shkurt, u b\u00eb me dije se dy dit\u00eb m\u00eb par\u00eb i ishte p\u00ebrcjell\u00eb ankesa e nj\u00eb an\u00ebtari t\u00eb KLGJ-s\u00eb me objekt fillimin e hetimit p\u00ebr shkelje disiplinore ndaj gjyqtares s\u00eb Gjykat\u00ebs s\u00eb Posa\u00e7me t\u00eb Shkall\u00ebs s\u00eb Par\u00eb, Irena Gjoka. Po ashtu, ILD b\u00ebri me dije se do t\u00eb shqyrtoj\u00eb ankes\u00ebn e mb\u00ebrritur p\u00ebr Gjok\u00ebn.<\/p>\n<p>Pas nj\u00eb hetimi administrativ q\u00eb zgjati rreth 20 muaj, Prokuroria e P\u00ebrgjithshme deklaroi m\u00eb 20 janar se kishte p\u00ebrfunduar verifikimin e thelluar p\u00ebr past\u00ebrtin\u00eb e figur\u00ebs s\u00eb gjyqtares s\u00eb Gjykat\u00ebs s\u00eb Posa\u00e7me, Irena Gjoka, t\u00eb k\u00ebrkuar nga ana e KLGJ-s\u00eb, por rezultatin e verifikimit e mbajti t\u00eb fsheht\u00eb.<\/p>\n<p>Nga ana tjet\u00ebr, Prokuroria e Posa\u00e7me, SPAK, ka regjistruar procedim penal pas nj\u00eb kall\u00ebzimi t\u00eb depozituar nga Adriana Kalaja ndaj gjyqtares Irena Gjoka, p\u00ebr fshehjen nga formulari i vet\u00ebdeklarimit t\u00eb past\u00ebrtis\u00eb s\u00eb figur\u00ebs t\u00eb nj\u00eb d\u00ebnimi penal t\u00eb dh\u00ebn\u00eb nga drejt\u00ebsia greke p\u00ebr falsifikimin e nj\u00eb pasaporte dhe nj\u00eb vize n\u00eb mesin e viteve 2000. Sipas SPAK-ut, procedimi \u00ebsht\u00eb regjistruar p\u00ebr vepr\u00ebn penale t\u00eb parashikuar nga neni 190 i Kodit Penal, \u201cfalsifikimi i vulave, i stampave ose i formular\u00ebve\u201d, por ende nuk \u00ebsht\u00eb regjistruar ndonj\u00eb em\u00ebr si person n\u00ebn hetim.<\/p>\n<p>Gjyqtarja Gjoka e ka kaluar m\u00eb her\u00ebt procesin e vetingut, pasi KPK nuk gjeti probleme q\u00eb do t\u00eb \u00e7onin n\u00eb shkarkimin e saj. Komisioneri Publik fillimisht e ankimoi vendimin n\u00eb Kolegjin e Posa\u00e7\u00ebm t\u00eb Apelimit, por gjat\u00eb procesit u t\u00ebrhoq nga ankimi, prej nga mbeti n\u00eb fuqi vendimi i konfirmimit.<\/p>\n<p>Akuzat ndaj Gjok\u00ebs u b\u00ebn\u00eb publike pasi ajo firmosi masat e siguris\u00eb ndaj ish-kryeministrit Sali Berisha n\u00eb lidhje me dosjen \u201cPartizani\u201d. Berisha dhe mb\u00ebshtet\u00ebsit e tij e kan\u00eb akuzuar vazhdimisht Gjok\u00ebn, duke pretenduar se ajo \u00ebsht\u00eb n\u00eb konflikt interesi dhe se ka fshehur t\u00eb kaluar\u00ebn e saj, p\u00ebrfshi d\u00ebnimin penal n\u00eb Greqi.\/ BIRN<\/p>\n","protected":false},"excerpt":{"rendered":"<p>Institucioni i Inspektorit t\u00eb Lart\u00eb t\u00eb Drejt\u00ebsis\u00eb b\u00ebri me dije se do t\u00eb shqyrtoj\u00eb ankes\u00ebn e nj\u00eb an\u00ebtari t\u00eb K\u00ebshillit t\u00eb Lart\u00eb Gjyq\u00ebsor me objekt fillimin e hetimit p\u00ebr shkelje disiplinore ndaj gjyqtares s\u00eb Gjykat\u00ebs s\u00eb Posa\u00e7me t\u00eb Shkall\u00ebs s\u00eb Par\u00eb, Irena Gjoka. Pasi gjasht\u00eb an\u00ebtar\u00eb t\u00eb K\u00ebshillit t\u00eb Lart\u00eb Gjyq\u00ebsor, KLGJ, rr\u00ebzuan nj\u00eb jav\u00eb &hellip;<\/p>\n","protected":false},"author":4,"featured_media":61715,"comment_status":"closed","ping_status":"closed","sticky":false,"template":"","format":"standard","meta":{"footnotes":""},"categories":[37],"tags":[],"class_list":["post-135325","post","type-post","status-publish","format-standard","has-post-thumbnail","","category-politike"],"_links":{"self":[{"href":"https:\/\/rdnews.al\/index.php\/wp-json\/wp\/v2\/posts\/135325","targetHints":{"allow":["GET"]}}],"collection":[{"href":"https:\/\/rdnews.al\/index.php\/wp-json\/wp\/v2\/posts"}],"about":[{"href":"https:\/\/rdnews.al\/index.php\/wp-json\/wp\/v2\/types\/post"}],"author":[{"embeddable":true,"href":"https:\/\/rdnews.al\/index.php\/wp-json\/wp\/v2\/users\/4"}],"replies":[{"embeddable":true,"href":"https:\/\/rdnews.al\/index.php\/wp-json\/wp\/v2\/comments?post=135325"}],"version-history":[{"count":1,"href":"https:\/\/rdnews.al\/index.php\/wp-json\/wp\/v2\/posts\/135325\/revisions"}],"predecessor-version":[{"id":135326,"href":"https:\/\/rdnews.al\/index.php\/wp-json\/wp\/v2\/posts\/135325\/revisions\/135326"}],"wp:featuredmedia":[{"embeddable":true,"href":"https:\/\/rdnews.al\/index.php\/wp-json\/wp\/v2\/media\/61715"}],"wp:attachment":[{"href":"https:\/\/rdnews.al\/index.php\/wp-json\/wp\/v2\/media?parent=135325"}],"wp:term":[{"taxonomy":"category","embeddable":true,"href":"https:\/\/rdnews.al\/index.php\/wp-json\/wp\/v2\/categories?post=135325"},{"taxonomy":"post_tag","embeddable":true,"href":"https:\/\/rdnews.al\/index.php\/wp-json\/wp\/v2\/tags?post=135325"}],"curies":[{"name":"wp","href":"https:\/\/api.w.org\/{rel}","templated":true}]}}