{"id":135371,"date":"2026-02-05T22:24:30","date_gmt":"2026-02-05T22:24:30","guid":{"rendered":"https:\/\/rdnews.al\/?p=135371"},"modified":"2026-02-05T22:24:30","modified_gmt":"2026-02-05T22:24:30","slug":"ultimatumi-i-be-per-ramen","status":"publish","type":"post","link":"https:\/\/rdnews.al\/index.php\/2026\/02\/05\/ultimatumi-i-be-per-ramen\/","title":{"rendered":"Ultimatumi i BE p\u00ebr Ram\u00ebn"},"content":{"rendered":"<p><strong>Nga Habjon Hasani<\/strong><\/p>\n<p>T\u00eb enjten e 29 janarit 2026, kryeministrit t\u00eb Shqip\u00ebris\u00eb Edi Rama i shkoi nj\u00eb SMS n\u00eb telefonin celular:\u00a0\u201cCOELA doli me q\u00ebndrim zyrtar, m\u00eb vjen keq\u201d. Miku q\u00eb e informonte e kishte paralajm\u00ebruar m\u00eb her\u00ebt at\u00eb se atje tej n\u00eb Berlin, qeveria gjermane ishte tep\u00ebr e shqet\u00ebsuar mbi mbrojtjen arbitrare q\u00eb Rama po i b\u00ebnte Belinda Ballukut.<\/p>\n<p>COELA \u00ebsht\u00eb nj\u00eb grup pune i ministrave p\u00ebr Evrop\u00ebn t\u00eb shteteve an\u00ebtare t\u00eb BE-s\u00eb. Ky grup shqyrton ecurin\u00eb e shteteve q\u00eb synojn\u00eb an\u00ebtar\u00ebsim, si Shqip\u00ebria.<\/p>\n<p>P\u00ebrfaq\u00ebsimi n\u00eb COELA \u00ebsht\u00eb n\u00eb nivel ministror, zakonisht ministrat p\u00ebr Evrop\u00ebn ose ministrat e Jasht\u00ebm t\u00eb vendeve an\u00ebtare t\u00eb BE-s\u00eb.<\/p>\n<p>Nj\u00eb burim i nivelit t\u00eb lart\u00eb n\u00eb BE, informoi Hashtag.al mbi at\u00eb \u00e7far\u00eb ka ndodhur:<\/p>\n<p>\u201cE gjith\u00eb iniciativa p\u00ebr nd\u00ebshkimin e Shqip\u00ebris\u00eb n\u00eb COELA \u00ebsht\u00eb e nxitur nga qeveria gjermane, ata jan\u00eb seriozisht t\u00eb shqet\u00ebsuar mbi m\u00ebnyr\u00ebn si Edi Rama po sulmon drejt\u00ebsin\u00eb dhe po shk\u00ebrmoq institucionet p\u00ebr mbrojtjen e ministres Balluku. Kjo iniciativ\u00eb e gjerman\u00ebve \u00ebsht\u00eb mb\u00ebshtetur fuqimisht nga qeveria e Austris\u00eb, Belgjik\u00ebs, Holand\u00ebs etj, nd\u00ebrsa qeveria italiane, franceze dhe greke mbajt\u00ebn nj\u00eb q\u00ebndrim m\u00eb neutral n\u00eb takim. Por nuk ka asnj\u00eb r\u00ebnd\u00ebsi kjo p\u00ebr sa koh\u00eb q\u00eb dhe nj\u00eb shtet si Bullgaria mund t\u00eb vendos\u00eb veton kund\u00ebr Shqip\u00ebris\u00eb, e p\u00ebr m\u00eb tep\u00ebr Gjermania \u00ebsht\u00eb lokomotiva e BE-s\u00eb.\u201d, tha burimi.<\/p>\n<p>Nd\u00ebrsa i nj\u00ebjti burim i nivelit t\u00eb lart\u00eb m\u00eb pas shtoi:<\/p>\n<p>\u201cN\u00eb mbledhjen e COELA \u00ebsht\u00eb vendosur q\u00eb n\u00ebse Rama do mbroj\u00eb imunitetin e Ballukut, BE-ja do dal\u00eb me vendimin e paprecedent\u00eb p\u00ebr t\u00eb zhb\u00ebr\u00eb gjith\u00eb procesin e an\u00ebtar\u00ebsimit t\u00eb Shqip\u00ebris\u00eb. I bie q\u00eb do jet\u00eb nd\u00ebshkim ekzemplar, i ashp\u00ebr,\u00a0 i pari n\u00eb llojin e vet. Kryeministri juaj e di shum\u00eb mir\u00eb k\u00ebt\u00eb gj\u00eb si\u00e7 un\u00eb po e them\u201d, \u2013 sakt\u00ebsoi burimi.<\/p>\n","protected":false},"excerpt":{"rendered":"<p>Nga Habjon Hasani T\u00eb enjten e 29 janarit 2026, kryeministrit t\u00eb Shqip\u00ebris\u00eb Edi Rama i shkoi nj\u00eb SMS n\u00eb telefonin celular:\u00a0\u201cCOELA doli me q\u00ebndrim zyrtar, m\u00eb vjen keq\u201d. Miku q\u00eb e informonte e kishte paralajm\u00ebruar m\u00eb her\u00ebt at\u00eb se atje tej n\u00eb Berlin, qeveria gjermane ishte tep\u00ebr e shqet\u00ebsuar mbi mbrojtjen arbitrare q\u00eb Rama po &hellip;<\/p>\n","protected":false},"author":3,"featured_media":135372,"comment_status":"closed","ping_status":"closed","sticky":false,"template":"","format":"standard","meta":{"footnotes":""},"categories":[37],"tags":[],"class_list":["post-135371","post","type-post","status-publish","format-standard","has-post-thumbnail","","category-politike"],"_links":{"self":[{"href":"https:\/\/rdnews.al\/index.php\/wp-json\/wp\/v2\/posts\/135371","targetHints":{"allow":["GET"]}}],"collection":[{"href":"https:\/\/rdnews.al\/index.php\/wp-json\/wp\/v2\/posts"}],"about":[{"href":"https:\/\/rdnews.al\/index.php\/wp-json\/wp\/v2\/types\/post"}],"author":[{"embeddable":true,"href":"https:\/\/rdnews.al\/index.php\/wp-json\/wp\/v2\/users\/3"}],"replies":[{"embeddable":true,"href":"https:\/\/rdnews.al\/index.php\/wp-json\/wp\/v2\/comments?post=135371"}],"version-history":[{"count":1,"href":"https:\/\/rdnews.al\/index.php\/wp-json\/wp\/v2\/posts\/135371\/revisions"}],"predecessor-version":[{"id":135373,"href":"https:\/\/rdnews.al\/index.php\/wp-json\/wp\/v2\/posts\/135371\/revisions\/135373"}],"wp:featuredmedia":[{"embeddable":true,"href":"https:\/\/rdnews.al\/index.php\/wp-json\/wp\/v2\/media\/135372"}],"wp:attachment":[{"href":"https:\/\/rdnews.al\/index.php\/wp-json\/wp\/v2\/media?parent=135371"}],"wp:term":[{"taxonomy":"category","embeddable":true,"href":"https:\/\/rdnews.al\/index.php\/wp-json\/wp\/v2\/categories?post=135371"},{"taxonomy":"post_tag","embeddable":true,"href":"https:\/\/rdnews.al\/index.php\/wp-json\/wp\/v2\/tags?post=135371"}],"curies":[{"name":"wp","href":"https:\/\/api.w.org\/{rel}","templated":true}]}}