{"id":135375,"date":"2026-02-06T09:15:47","date_gmt":"2026-02-06T09:15:47","guid":{"rendered":"https:\/\/rdnews.al\/?p=135375"},"modified":"2026-02-06T09:15:47","modified_gmt":"2026-02-06T09:15:47","slug":"lubonja-nese-largohet-berisha-rama-behet-edhe-me-i-rrezikshem","status":"publish","type":"post","link":"https:\/\/rdnews.al\/index.php\/2026\/02\/06\/lubonja-nese-largohet-berisha-rama-behet-edhe-me-i-rrezikshem\/","title":{"rendered":"Lubonja: N\u00ebse largohet Berisha, Rama b\u00ebhet edhe m\u00eb i rreziksh\u00ebm!"},"content":{"rendered":"<p>Analisti Fatos Lubonja deklaron se opozita nuk mund t\u00eb jet\u00eb faktor kund\u00ebr qeveris\u00eb Rama pa Sali Berish\u00ebn.<\/p>\n<p>I ftuar n\u00eb News 24, Lubonja tha se n\u00ebse largohet Berisha, Rama do b\u00ebhet dhe m\u00eb i rreziksh\u00ebm.<\/p>\n<p>Ai shtoi nga ana tjet\u00ebr, se opozita ka nevoj\u00eb p\u00ebr nj\u00eb bashkim, jo p\u00ebr Sk\u00ebnderbeun e radh\u00ebs.<\/p>\n<p>&#8220;Un\u00eb kam qen\u00eb vet\u00eb p\u00ebr daljen e forcave t\u00eb reja dikur. Mb\u00ebshteta Bojaxhiun dhe Ben Blushin bile. Por mendoj se sistemi ka p\u00ebsuar nj\u00eb mutacion. K\u00ebta mendojn\u00eb q\u00eb kan\u00eb nd\u00ebrtuar identitetin kund\u00ebr dy figurave, mendojn\u00eb se drejt\u00ebsia do u hap\u00eb rrug\u00ebn k\u00ebtyre se Berisha n\u00eb burg, se ca thon\u00eb dhe Rama.<\/p>\n<p>Dhe p\u00ebrgjith\u00ebsisht kan\u00eb qasjen t\u00eb ik\u00eb Berisha me shpres\u00ebn k\u00ebta do e marrin. Mendimi im \u00ebsht\u00eb kund\u00ebr. Q\u00eb kur t\u00eb iki dhe Berisha po u arrestua, n\u00eb vend t\u2019i hapet rruga k\u00ebtyre, Rama do b\u00ebhet akoma m\u00eb i rreziksh\u00ebm. P\u00ebr shum\u00eb arsye. Ca p\u00ebr\u00e7arja e k\u00ebtyre.<\/p>\n<p>Gabojn\u00eb n\u00eb zgjedhjen e tyre. Dyshoj dhe te SPAK, drejt\u00ebsia! Duhet nj\u00eb bashkim i madh me Berish\u00ebn, mbi Berish\u00ebn. T\u00eb gjith\u00eb thon\u00eb un\u00eb jam Sk\u00ebnderbeu i radh\u00ebs, edhe Adriatiku, edhe Berisha. Nd\u00ebrkoh\u00eb q\u00eb duhet nd\u00ebrtuar nj\u00eb di\u00e7ka tjet\u00ebr&#8221;, u shpreh Lubonja.<\/p>\n","protected":false},"excerpt":{"rendered":"<p>Analisti Fatos Lubonja deklaron se opozita nuk mund t\u00eb jet\u00eb faktor kund\u00ebr qeveris\u00eb Rama pa Sali Berish\u00ebn. I ftuar n\u00eb News 24, Lubonja tha se n\u00ebse largohet Berisha, Rama do b\u00ebhet dhe m\u00eb i rreziksh\u00ebm. Ai shtoi nga ana tjet\u00ebr, se opozita ka nevoj\u00eb p\u00ebr nj\u00eb bashkim, jo p\u00ebr Sk\u00ebnderbeun e radh\u00ebs. &#8220;Un\u00eb kam qen\u00eb &hellip;<\/p>\n","protected":false},"author":4,"featured_media":32935,"comment_status":"closed","ping_status":"closed","sticky":false,"template":"","format":"standard","meta":{"footnotes":""},"categories":[37],"tags":[],"class_list":["post-135375","post","type-post","status-publish","format-standard","has-post-thumbnail","","category-politike"],"_links":{"self":[{"href":"https:\/\/rdnews.al\/index.php\/wp-json\/wp\/v2\/posts\/135375","targetHints":{"allow":["GET"]}}],"collection":[{"href":"https:\/\/rdnews.al\/index.php\/wp-json\/wp\/v2\/posts"}],"about":[{"href":"https:\/\/rdnews.al\/index.php\/wp-json\/wp\/v2\/types\/post"}],"author":[{"embeddable":true,"href":"https:\/\/rdnews.al\/index.php\/wp-json\/wp\/v2\/users\/4"}],"replies":[{"embeddable":true,"href":"https:\/\/rdnews.al\/index.php\/wp-json\/wp\/v2\/comments?post=135375"}],"version-history":[{"count":1,"href":"https:\/\/rdnews.al\/index.php\/wp-json\/wp\/v2\/posts\/135375\/revisions"}],"predecessor-version":[{"id":135376,"href":"https:\/\/rdnews.al\/index.php\/wp-json\/wp\/v2\/posts\/135375\/revisions\/135376"}],"wp:featuredmedia":[{"embeddable":true,"href":"https:\/\/rdnews.al\/index.php\/wp-json\/wp\/v2\/media\/32935"}],"wp:attachment":[{"href":"https:\/\/rdnews.al\/index.php\/wp-json\/wp\/v2\/media?parent=135375"}],"wp:term":[{"taxonomy":"category","embeddable":true,"href":"https:\/\/rdnews.al\/index.php\/wp-json\/wp\/v2\/categories?post=135375"},{"taxonomy":"post_tag","embeddable":true,"href":"https:\/\/rdnews.al\/index.php\/wp-json\/wp\/v2\/tags?post=135375"}],"curies":[{"name":"wp","href":"https:\/\/api.w.org\/{rel}","templated":true}]}}