{"id":135377,"date":"2026-02-06T09:32:01","date_gmt":"2026-02-06T09:32:01","guid":{"rendered":"https:\/\/rdnews.al\/?p=135377"},"modified":"2026-02-06T09:32:01","modified_gmt":"2026-02-06T09:32:01","slug":"media-turke-sulmon-ramen-imoral-dhe-i-gatshem-te-ndryshoje-bindje-sipas-interesit","status":"publish","type":"post","link":"https:\/\/rdnews.al\/index.php\/2026\/02\/06\/media-turke-sulmon-ramen-imoral-dhe-i-gatshem-te-ndryshoje-bindje-sipas-interesit\/","title":{"rendered":"Media turke sulmon Ram\u00ebn: Imoral dhe i gatsh\u00ebm t\u00eb ndryshoj\u00eb bindje sipas interesit!"},"content":{"rendered":"<p>Media turke \u201cAtik\u201d ka publikuar nj\u00eb artikull ku e quan kryeministrin Rama, nj\u00eb \u201cklloun t\u00eb pak\u00ebndsh\u00ebm\u201d. N\u00eb shkrim thuhet se, ai njihet p\u00ebr veshjen e atleteve me kostume n\u00eb stilin italian n\u00eb evente zyrtare, gj\u00eb q\u00eb i t\u00ebrhoqi v\u00ebmendjen presidentit turk, Erdogan.<\/p>\n<p>Nd\u00ebr t\u00eb tjera, n\u00eb artikull p\u00ebrmendet edhe besimi i kryeministri i cili krijoi debat n\u00eb aren\u00ebn mediatike gjat\u00eb takimit t\u00eb fundit me kreun e Izraelit, Benjamin Netanyahu.<\/p>\n<p>Gazetari turk, Ayhan Demir, e quajti fjalimin e kryeministrit \u2018skandaloz\u2019 dhe se ai ndryshon \u2018velat e tij ngado q\u00eb fryn era\u2019.<\/p>\n<p>Demir shton se, komentet e Edi Ram\u00ebs u kritikuan nga OJQ-t\u00eb n\u00eb kryeqytet, ku shqiptar\u00ebt mysliman\u00eb deklaruan se \u201cRama nuk mund t\u00eb flas\u00eb n\u00eb em\u00ebr t\u00eb tyre dhe se ata nuk mb\u00ebshtesin Izraelin, i cili po vret f\u00ebmij\u00eb dhe gra n\u00eb Gaza\u201d.<\/p>\n<p><strong>Artikulli i plot\u00eb<\/strong><\/p>\n<p>\u201cShoqata e Gjuh\u00ebs Turke e p\u00ebrkufizon fjal\u00ebn \u201cklloun\u201d, e cila rrjedh nga italishtja, si m\u00eb posht\u00eb: \u201cNj\u00eb aktor me kostume t\u00eb \u00e7uditshme dhe fytyra t\u00eb pikturuara tep\u00ebr dhe komikisht, i cili i b\u00ebn ata q\u00eb e shikojn\u00eb t\u00eb qeshin dhe i arg\u00ebton ata.\u201d<\/p>\n<p>Klloun\u00ebt kan\u00eb kostume dhe k\u00ebpuc\u00eb shum\u00ebngjyr\u00ebshe, t\u00eb ekzagjeruara, t\u00eb pazakonta dhe t\u00eb \u00e7uditshme. Ky \u00ebsht\u00eb nj\u00eb prej tyre\u2026 \u00c7uditshm\u00ebria, shakat\u00eb dhe klloun\u00ebt jan\u00eb n\u00eb natyr\u00ebn e klloun\u00ebve. Ky nuk b\u00ebn p\u00ebrjashtim\u2026<\/p>\n<p>Karakteristikat e tyre m\u00eb t\u00eb r\u00ebnd\u00ebsishme jan\u00eb zakonisht paraqitjet e tyre komike, aft\u00ebsia e tyre p\u00ebr t\u2019i b\u00ebr\u00eb shikuesit t\u00eb qeshin dhe t\u2019i arg\u00ebtojn\u00eb. Por kjo \u00ebsht\u00eb krejt\u00ebsisht ndryshe. Mjaft e pak\u00ebndshme! Nuk t\u00eb b\u00ebn t\u00eb qesh\u00ebsh, nuk t\u00eb arg\u00ebton; \u00ebsht\u00eb e neveritshme.<\/p>\n<p>E gjet\u00ebt sakt\u00eb: Po flas p\u00ebr kryeministrin shqiptar Edi Rama. N\u00eb t\u00eb kaluar\u00ebn, Rama, nj\u00eb artist rruge n\u00eb Franc\u00eb, b\u00ebri foto nudo n\u00eb nj\u00eb plazh nudist dhe n\u00eb nj\u00eb kamping dhe ia publikuan t\u00eb gjith\u00ebve. Rama, i njohur p\u00ebr mb\u00ebshtetjen e tij ndaj tendencave devijante homoseksuale, n\u00eb vend q\u00eb t\u00eb turp\u00ebrohej kur i kujtoheshin k\u00ebto foto t\u00eb kaluara, i inkurajoi t\u00eb rinjt\u00eb n\u00eb vendin e tij t\u2019i shikonin dhe t\u2019i ndanin ato.<\/p>\n<p>Edi Rama, i cili e ka b\u00ebr\u00eb imoralitetin kod t\u00eb sjelljes s\u00eb tij, b\u00ebri nj\u00eb gjest t\u00eb paedukat\u00eb ndaj t\u00eb rinjve q\u00eb protestonin kund\u00ebr tij n\u00ebn nj\u00eb pem\u00eb Krishtlindjesh n\u00eb Tiran\u00eb, pa i par\u00eb fare f\u00ebmij\u00ebt pran\u00eb tij. Pasi u zbulua nga Sorosi, karriera e tij politike mori hov dhe, gjat\u00eb koh\u00ebs q\u00eb ishte kryetar bashkie, ai i lyeu nd\u00ebrtesat n\u00eb kryeqytet, Tiran\u00eb, me ngjyra t\u00eb ndezura dhe t\u00eb gjalla.<\/p>\n<p>Gjat\u00eb viteve t\u00eb tij si Minist\u00ebr i Kultur\u00ebs, ai i konsideronte vizatimet q\u00eb shfaqeshin kur shkruante rast\u00ebsisht n\u00eb bllokun e sh\u00ebnimeve gjat\u00eb mbledhjeve dhe diskutimeve t\u00eb ministris\u00eb si vepra arti. Vite m\u00eb par\u00eb, shkova n\u00eb nj\u00eb ekspozit\u00eb t\u00eb k\u00ebtyre vizatimeve n\u00eb Stamboll. Mund t\u00eb them se vizatimet dhe pikturat n\u00eb Minecraft t\u00eb djalit tim, i cili \u00ebsht\u00eb n\u00eb mosh\u00eb shkollore, kan\u00eb m\u00eb shum\u00eb sukses.<\/p>\n<p>Ai gjithashtu paraqet si vepra arti gj\u00ebra q\u00eb b\u00ebn nga copa qelqi t\u00eb thyera, t\u00eb pikturuara me ngjyra t\u00eb ndryshme, t\u00eb cilat ai pretendon se jan\u00eb vazo. Pastaj jan\u00eb format q\u00eb nuk ngjajn\u00eb me asgj\u00eb, nj\u00ebsoj si vizatimet e tij. Disa i quajn\u00eb k\u00ebto skulptura. Mund t\u00eb themi se f\u00ebmij\u00ebt e kopshtit krijojn\u00eb forma m\u00eb t\u00eb suksesshme me brum\u00eb loje sesa ai.<\/p>\n<p>Ai njihet p\u00ebr veshjen e atleteve me kostume n\u00eb stilin italian n\u00eb evente zyrtare. Kjo i t\u00ebrhoqi v\u00ebmendjen Presidentit ton\u00eb, i cili nuk mundi t\u2019i rezistonte ngacmimit t\u00eb Ram\u00ebs, duke i th\u00ebn\u00eb: \u201cKe veshur atlete\u201d.<\/p>\n<p>Ndonj\u00ebher\u00eb ai \u00ebsht\u00eb ateist, her\u00eb t\u00eb tjera katolik. N\u00eb nj\u00eb moment ai thekson besimin mysliman t\u00eb gruas s\u00eb tij, n\u00eb momentin tjet\u00ebr ai thekson besimin ortodoks t\u00eb gjyshit ose t\u00eb f\u00ebmij\u00ebve t\u00eb tij. Shkurt, ai i ndryshon velat e tij ngado q\u00eb fryn era.<\/p>\n<p>Gjat\u00eb nj\u00eb vizite t\u00eb koh\u00ebve t\u00eb fundit n\u00eb administrat\u00ebn sioniste izraelite n\u00eb territoret e pushtuara palestineze, Rama zgjodhi p\u00ebrs\u00ebri t\u00eb vepronte n\u00eb t\u00eb nj\u00ebjtin drejtim. N\u00eb nj\u00eb fjalim skandaloz n\u00eb nj\u00eb seanc\u00eb t\u00eb posa\u00e7me t\u00eb parlamentit izraelit, pasi deklaroi se nuk ishte mysliman, Rama tha: \u201cGruaja ime \u00ebsht\u00eb myslimane. Un\u00eb jam katolik. Dy f\u00ebmij\u00ebt e mi m\u00eb t\u00eb m\u00ebdhenj jan\u00eb t\u00eb krishter\u00eb, ortodoks\u00eb. Djali yn\u00eb m\u00eb i vog\u00ebl, i cili \u00ebsht\u00eb nj\u00ebmb\u00ebdhjet\u00eb vje\u00e7, nj\u00eb dit\u00eb do t\u00eb marr\u00eb vendimin e tij; por duke pasur parasysh entuziazmin e pakontrolluesh\u00ebm q\u00eb ndjeu kur i than\u00eb se mund t\u00eb b\u00ebnim nj\u00eb d\u00ebshir\u00eb n\u00eb Murin Per\u00ebndimor, nuk \u00ebsht\u00eb aspak e pamundur q\u00eb ai t\u00eb zgjedh\u00eb t\u00eb b\u00ebhet hebre n\u00eb t\u00eb ardhmen.\u201d<\/p>\n<p>N\u00eb fjal\u00ebn e tij, Edi Rama deklaroi se parlamenti izraelit ishte nj\u00eb \u201cvend shum\u00eb i ve\u00e7ant\u00eb\u201d dhe se ndihej \u201cnder i madh\u201d q\u00eb ndodhej atje, si dhe p\u00ebrdori fjal\u00eb lavd\u00ebrimi p\u00ebr vras\u00ebsin Benjamin Netanyahu.Nuk ka mbaruar.Edi Rama tha se ishte i emocionuar q\u00eb foli p\u00ebrball\u00eb vras\u00ebsit t\u00eb f\u00ebmij\u00ebve Netanyahut, t\u00eb cilin e quajti \u201cnj\u00eb nga pes\u00eb fol\u00ebsit m\u00eb t\u00eb mir\u00eb n\u00eb bot\u00eb\u201d.<\/p>\n<p>Edi Rama nuk ka ofruar asnj\u00eb kritik\u00eb p\u00ebr gjenocidin q\u00eb Izraeli ka kryer n\u00eb Gaza q\u00eb nga tetori i vitit 2023. Ai injoroi mij\u00ebra gra dhe f\u00ebmij\u00eb t\u00eb martirizuar nga regjimi vras\u00ebs izraelit. Ai faj\u00ebsoi Hamasin p\u00ebr shnd\u00ebrrimin e Gaz\u00ebs n\u00eb nj\u00eb \u201cburg t\u00eb hapur\u201d. Vras\u00ebsi Benjamin Netanyahu, megjithat\u00eb, e vler\u00ebsoi Ram\u00ebn p\u00ebr mb\u00ebshtetjen e tij, duke e p\u00ebrshkruar at\u00eb si \u201cnj\u00eb mik t\u00eb madh t\u00eb Izraelit\u201d.<\/p>\n<p>Shtetet kan\u00eb m\u00eb shum\u00eb sesa thjesht interesa n\u00eb marr\u00ebdh\u00ebniet nd\u00ebrkomb\u00ebtare; ato kan\u00eb edhe nder dhe reputacion. Ata q\u00eb humbasin nderin dhe reputacionin e tyre humbasin edhe interesat e tyre komb\u00ebtare. Edi Rama b\u00ebri pik\u00ebrisht k\u00ebt\u00eb. Ai i turp\u00ebroi Shqip\u00ebrin\u00eb dhe shqiptar\u00ebt.<\/p>\n<p>Pse Edi Rama u p\u00ebrfshi n\u00eb k\u00ebt\u00eb \u201cklloun t\u00eb pap\u00eblqyesh\u00ebm\u201d? P\u00ebrgjigja \u00ebsht\u00eb e thjesht\u00eb: Rama p\u00ebrballet me nj\u00eb gjyq t\u00eb vazhduesh\u00ebm p\u00ebr korrupsion. Duke mos dashur t\u00eb shkonte n\u00eb burg dhe t\u00eb humbiste stilin e tij t\u00eb jetes\u00ebs luksoze t\u00eb dashur, Rama e b\u00ebri k\u00ebt\u00eb vizit\u00eb p\u00ebr t\u2019i sh\u00ebrbyer interesave t\u00eb tij personale. Ai e p\u00ebrdori k\u00ebt\u00eb vizit\u00eb p\u00ebr t\u00eb fituar mb\u00ebshtetje kund\u00ebr hetimit t\u00eb gjyq\u00ebsorit shqiptar p\u00ebr akuzat p\u00ebr korrupsion dhe p\u00ebr t\u00eb lobuar p\u00ebr nj\u00eb udh\u00ebtim t\u00eb planifikuar n\u00eb SHBA. N\u00eb fund t\u00eb fundit, me l\u00ebvdatat e tij krejt\u00ebsisht \u00e7njer\u00ebzore dhe madje t\u00eb neveritshme, ai siguroi mbrojtjen q\u00eb d\u00ebshironte nga Netanyahu vras\u00ebs.<\/p>\n<p>N\u00eb k\u00ebt\u00eb pik\u00eb: Duke marr\u00eb parasysh q\u00eb vras\u00ebsi Benjamin Netanyahu p\u00ebrballet gjithashtu me nj\u00eb rast t\u00eb ngjash\u00ebm korrupsioni , iniciativa e Ram\u00ebs mund t\u00eb shpjegohet vet\u00ebm me shprehjen \u201ct\u00eb verb\u00ebrit dhe t\u00eb shurdh\u00ebrit po arg\u00ebtojn\u00eb nj\u00ebri-tjetrin\u201d. Komentet e Edi Ram\u00ebs u kritikuan nga OJQ-t\u00eb n\u00eb kryeqytet, Tiran\u00eb. Shqiptar\u00ebt mysliman\u00eb deklaruan se \u201cRama nuk mund t\u00eb flas\u00eb n\u00eb em\u00ebr t\u00eb tyre dhe se ata nuk mb\u00ebshtesin Izraelin, i cili po vret f\u00ebmij\u00eb dhe gra n\u00eb Gaza\u201d.<\/p>\n<p>Dhe t\u00eb mos harrojm\u00eb: e ashtuquajtura \u2018shaka\u2019 e Edi Ram\u00ebs gjat\u00eb fjalimit t\u00eb tij n\u00eb parlamentin izraelit, ku tha: \u201cN\u00ebse Mossadi nuk ju ka dh\u00ebn\u00eb ende informacionin, mund t\u00eb them se m\u00eb dridhen gjunj\u00ebt\u201d, nuk i b\u00ebri njer\u00ebzit t\u00eb qeshnin; i turp\u00ebroi dhe i neveriti. Ata q\u00eb nuk i frik\u00ebsohen Zotit, le t\u00eb ken\u00eb frik\u00eb nga Izraeli. Atyre q\u00eb nuk u dridhen zemrat, do t\u2019u dridhen k\u00ebmb\u00ebt. Por frika nuk ka asnj\u00eb dobi kund\u00ebr vdekjes. Ata q\u00eb nuk i frik\u00ebsohen Zotit, do t\u00eb dridhen me t\u00eb gjith\u00eb trupin e tyre n\u00eb Dit\u00ebn e Gjykimit, me vullnetin e Zotit\u201d.<\/p>\n","protected":false},"excerpt":{"rendered":"<p>Media turke \u201cAtik\u201d ka publikuar nj\u00eb artikull ku e quan kryeministrin Rama, nj\u00eb \u201cklloun t\u00eb pak\u00ebndsh\u00ebm\u201d. N\u00eb shkrim thuhet se, ai njihet p\u00ebr veshjen e atleteve me kostume n\u00eb stilin italian n\u00eb evente zyrtare, gj\u00eb q\u00eb i t\u00ebrhoqi v\u00ebmendjen presidentit turk, Erdogan. Nd\u00ebr t\u00eb tjera, n\u00eb artikull p\u00ebrmendet edhe besimi i kryeministri i cili krijoi &hellip;<\/p>\n","protected":false},"author":4,"featured_media":133507,"comment_status":"closed","ping_status":"closed","sticky":false,"template":"","format":"standard","meta":{"footnotes":""},"categories":[37],"tags":[],"class_list":["post-135377","post","type-post","status-publish","format-standard","has-post-thumbnail","","category-politike"],"_links":{"self":[{"href":"https:\/\/rdnews.al\/index.php\/wp-json\/wp\/v2\/posts\/135377","targetHints":{"allow":["GET"]}}],"collection":[{"href":"https:\/\/rdnews.al\/index.php\/wp-json\/wp\/v2\/posts"}],"about":[{"href":"https:\/\/rdnews.al\/index.php\/wp-json\/wp\/v2\/types\/post"}],"author":[{"embeddable":true,"href":"https:\/\/rdnews.al\/index.php\/wp-json\/wp\/v2\/users\/4"}],"replies":[{"embeddable":true,"href":"https:\/\/rdnews.al\/index.php\/wp-json\/wp\/v2\/comments?post=135377"}],"version-history":[{"count":1,"href":"https:\/\/rdnews.al\/index.php\/wp-json\/wp\/v2\/posts\/135377\/revisions"}],"predecessor-version":[{"id":135378,"href":"https:\/\/rdnews.al\/index.php\/wp-json\/wp\/v2\/posts\/135377\/revisions\/135378"}],"wp:featuredmedia":[{"embeddable":true,"href":"https:\/\/rdnews.al\/index.php\/wp-json\/wp\/v2\/media\/133507"}],"wp:attachment":[{"href":"https:\/\/rdnews.al\/index.php\/wp-json\/wp\/v2\/media?parent=135377"}],"wp:term":[{"taxonomy":"category","embeddable":true,"href":"https:\/\/rdnews.al\/index.php\/wp-json\/wp\/v2\/categories?post=135377"},{"taxonomy":"post_tag","embeddable":true,"href":"https:\/\/rdnews.al\/index.php\/wp-json\/wp\/v2\/tags?post=135377"}],"curies":[{"name":"wp","href":"https:\/\/api.w.org\/{rel}","templated":true}]}}