{"id":135447,"date":"2026-02-06T18:45:57","date_gmt":"2026-02-06T18:45:57","guid":{"rendered":"https:\/\/rdnews.al\/?p=135447"},"modified":"2026-02-06T18:45:57","modified_gmt":"2026-02-06T18:45:57","slug":"berisha-komuniteti-nderkombetar-pret-rrezimin-e-rames-dhe-fitoren-tone","status":"publish","type":"post","link":"https:\/\/rdnews.al\/index.php\/2026\/02\/06\/berisha-komuniteti-nderkombetar-pret-rrezimin-e-rames-dhe-fitoren-tone\/","title":{"rendered":"Berisha: Komuniteti nd\u00ebrkomb\u00ebtar pret rr\u00ebzimin e Ram\u00ebs dhe fitoren ton\u00eb!"},"content":{"rendered":"<p>Kryetari i PD, Sali Berisha, gjat\u00eb fjal\u00ebs me demokrat\u00ebt e deg\u00ebve 8 dhe 10 u shpreh se, shqiptar\u00ebt dhe nd\u00ebrkomb\u00ebtare jan\u00eb duke pritur rr\u00ebzimin e Edi Ram\u00ebs dhe fitoren e Partis\u00eb Demokratike.<\/p>\n<p>\u201cSigurisht, shqiptar\u00ebt dhe komuniteti nd\u00ebrkomb\u00ebtar, p\u00ebr t\u00eb gjitha k\u00ebto, nuk pret gj\u00eb tjet\u00ebr ve\u00e7se rr\u00ebzimin e tij dhe fitoren ton\u00eb.<\/p>\n<p>Ndaj dhe, m\u00eb 10 shkurt \u00ebsht\u00eb dita e kryengritjes ton\u00eb paq\u00ebsore.<\/p>\n<p>Ftoj \u00e7do qytetar dhe qytetare, \u00e7do shqiptar, t\u00eb bashkohet me ne sepse kjo betej\u00eb nuk \u00ebsht\u00eb nj\u00eb betej\u00eb p\u00ebr pushtetin e nj\u00eb njeriu.<\/p>\n<p>Kjo betej\u00eb, nuk \u00ebsht\u00eb nj\u00eb betej\u00eb p\u00ebr pushtetin e nj\u00eb partie.<\/p>\n<p>Kjo betej\u00eb, nuk \u00ebsht\u00eb nj\u00eb betej\u00eb thjesht e karakterit partiak.<\/p>\n<p>Kjo \u00ebsht\u00eb nj\u00eb betej\u00eb p\u00ebr ekzistenc\u00ebn, p\u00ebr dinjitetin, p\u00ebr t\u00eb ardhmen e Shqip\u00ebris\u00eb dhe t\u00eb shqiptar\u00ebve.<\/p>\n<p>Kurr\u00eb ndonj\u00ebher\u00eb ky vend nuk ka pasur nevoj\u00eb m\u00eb shum\u00eb p\u00ebr ne se sot\u201d, tha Berisha.<\/p>\n","protected":false},"excerpt":{"rendered":"<p>Kryetari i PD, Sali Berisha, gjat\u00eb fjal\u00ebs me demokrat\u00ebt e deg\u00ebve 8 dhe 10 u shpreh se, shqiptar\u00ebt dhe nd\u00ebrkomb\u00ebtare jan\u00eb duke pritur rr\u00ebzimin e Edi Ram\u00ebs dhe fitoren e Partis\u00eb Demokratike. \u201cSigurisht, shqiptar\u00ebt dhe komuniteti nd\u00ebrkomb\u00ebtar, p\u00ebr t\u00eb gjitha k\u00ebto, nuk pret gj\u00eb tjet\u00ebr ve\u00e7se rr\u00ebzimin e tij dhe fitoren ton\u00eb. Ndaj dhe, m\u00eb &hellip;<\/p>\n","protected":false},"author":4,"featured_media":135448,"comment_status":"closed","ping_status":"closed","sticky":false,"template":"","format":"standard","meta":{"footnotes":""},"categories":[37],"tags":[],"class_list":["post-135447","post","type-post","status-publish","format-standard","has-post-thumbnail","","category-politike"],"_links":{"self":[{"href":"https:\/\/rdnews.al\/index.php\/wp-json\/wp\/v2\/posts\/135447","targetHints":{"allow":["GET"]}}],"collection":[{"href":"https:\/\/rdnews.al\/index.php\/wp-json\/wp\/v2\/posts"}],"about":[{"href":"https:\/\/rdnews.al\/index.php\/wp-json\/wp\/v2\/types\/post"}],"author":[{"embeddable":true,"href":"https:\/\/rdnews.al\/index.php\/wp-json\/wp\/v2\/users\/4"}],"replies":[{"embeddable":true,"href":"https:\/\/rdnews.al\/index.php\/wp-json\/wp\/v2\/comments?post=135447"}],"version-history":[{"count":1,"href":"https:\/\/rdnews.al\/index.php\/wp-json\/wp\/v2\/posts\/135447\/revisions"}],"predecessor-version":[{"id":135449,"href":"https:\/\/rdnews.al\/index.php\/wp-json\/wp\/v2\/posts\/135447\/revisions\/135449"}],"wp:featuredmedia":[{"embeddable":true,"href":"https:\/\/rdnews.al\/index.php\/wp-json\/wp\/v2\/media\/135448"}],"wp:attachment":[{"href":"https:\/\/rdnews.al\/index.php\/wp-json\/wp\/v2\/media?parent=135447"}],"wp:term":[{"taxonomy":"category","embeddable":true,"href":"https:\/\/rdnews.al\/index.php\/wp-json\/wp\/v2\/categories?post=135447"},{"taxonomy":"post_tag","embeddable":true,"href":"https:\/\/rdnews.al\/index.php\/wp-json\/wp\/v2\/tags?post=135447"}],"curies":[{"name":"wp","href":"https:\/\/api.w.org\/{rel}","templated":true}]}}