{"id":135450,"date":"2026-02-06T19:43:49","date_gmt":"2026-02-06T19:43:49","guid":{"rendered":"https:\/\/rdnews.al\/?p=135450"},"modified":"2026-02-06T19:43:49","modified_gmt":"2026-02-06T19:43:49","slug":"imuniteti-i-ballukut-rama-thirret-me-urgjence-ne-bruksel","status":"publish","type":"post","link":"https:\/\/rdnews.al\/index.php\/2026\/02\/06\/imuniteti-i-ballukut-rama-thirret-me-urgjence-ne-bruksel\/","title":{"rendered":"Imuniteti i Ballukut, Rama thirret me urgjenc\u00eb n\u00eb Bruksel"},"content":{"rendered":"<p>Teksa Gjykata Kushtetuese po p\u00ebrp\u00eblitet pa dinjitet p\u00ebr t\u00eb zvarritur \u00e7\u00ebshtjen Balluku, duket se presioni nd\u00ebrkomb\u00ebtar mbi Edi Ram\u00ebn po rritet n\u00eb progresion asfiksues. T\u00eb h\u00ebn\u00ebn, kryeministri i Shqip\u00ebris\u00eb do t\u00eb udh\u00ebtoj\u00eb drejt Brukselit p\u00ebr t\u2019u takuar me presidentin e K\u00ebshillit t\u00eb Europ\u00ebs, Antonio Costa.<\/p>\n<p>Takimi i beft\u00eb dhe i palajm\u00ebruar vjen n\u00eb kontekstin e zhvillimeve t\u00eb fundit n\u00eb Shqip\u00ebri, ve\u00e7an\u00ebrisht ng\u00ebr\u00e7it institucional t\u00eb krijuar pas hetimit t\u00eb SPAK ndaj Belinda Ballukut dhe refuzimit t\u00eb mazhoranc\u00ebs p\u00ebr t\u00eb dh\u00ebn\u00eb autorizimin p\u00ebr arrestimin e saj.<\/p>\n<p>Tashm\u00eb po b\u00ebhet gjithmon\u00eb e m\u00eb e qart\u00eb se Brukseli ka perceptuar nj\u00eb kthes\u00eb n\u00eb q\u00ebndrimin e Edi Ram\u00ebs dhe maxhoranc\u00ebs socialiste n\u00eb raport me drejt\u00ebsin\u00eb e re. Teksa p\u00ebr vite me radh\u00eb kryeministri u \u00ebsht\u00eb shitur nd\u00ebrkomb\u00ebtar\u00ebve si udh\u00ebheq\u00ebsi i vet\u00ebm politik n\u00eb Shqip\u00ebri q\u00eb respekton pavar\u00ebsin\u00eb e drejt\u00ebsis\u00eb, \u00e7\u00ebshtja Balluku, por edhe ajo e AKSHI-t duket se e gris\u00ebn perden e propagand\u00ebs duke e detyruar Edi Ram\u00ebn q\u00eb tashm\u00eb t\u00eb q\u00ebndroj\u00eb p\u00ebrball\u00eb drejt\u00ebsis\u00eb p\u00ebr ta penguar at\u00eb.<\/p>\n<p>Nj\u00eb burim n\u00eb Bruksel i tha Kapitalit se nj\u00eb nga temat e nxehta q\u00eb do t\u00eb preket t\u00eb h\u00ebn\u00ebn n\u00eb Bruksel \u00ebsht\u00eb pik\u00ebrisht \u00e7\u00ebshtja e imunitetit t\u00eb Belinda Ballukut. N\u00eb k\u00ebt\u00eb pik\u00eb, k\u00ebrkesa e Brukselit \u00ebsht\u00eb e qart\u00eb. Edi Rama duhet ose t\u00eb dor\u00ebzoj\u00eb imunitetin e z\u00ebvend\u00ebses s\u00eb tij, ose t\u00eb b\u00ebj\u00eb llogarit\u00eb me at\u00eb q\u00eb do t\u00eb ndodh m\u00eb pas me q\u00ebndrimet e Brukselit.<\/p>\n<p>Nuk dihet n\u00ebse diskutimet p\u00ebr k\u00ebt\u00eb tem\u00eb do t\u00eb b\u00ebhen pjes\u00eb edhe e njoftimit zyrtar, q\u00eb do t\u00eb nxirret pas takimit mes Antonio Costas dhe Edi Ram\u00ebs. Por ajo q\u00eb dihet \u00ebsht\u00eb se k\u00ebto koh\u00eb n\u00eb kancelarit\u00eb e Europ\u00ebs ka patur l\u00ebvizje t\u00eb shumta.<\/p>\n<div class=\"jnews_inline_related_post_wrapper left\">\n<div class=\"jnews_inline_related_post\">\n<div class=\"jeg_postblock_29 jeg_postblock jeg_module_hook jeg_pagination_disable jeg_col_2o3 jnews_module_1657919_1_6986426e74992   \" data-unique=\"jnews_module_1657919_1_6986426e74992\">\n<div class=\"jeg_block_heading jeg_block_heading_6 jeg_subcat_right\"><\/div>\n<div class=\"jeg_block_navigation\">K\u00ebt\u00eb jav\u00eb Antonio Costa dhe Ursula Von Der Leyen ishin t\u00eb dy n\u00eb Paris, ku u takuan me presidentin francez Manuel Macron.<\/div>\n<\/div>\n<\/div>\n<\/div>\n<p>N\u00eb Bruksel ka nj\u00eb rrym\u00eb q\u00eb e njeh mir\u00eb fuqin\u00eb e madhe lobuese t\u00eb Edi Ram\u00ebs, e cila druhet se kryeministri shqiptar mund t\u00eb loboj\u00eb p\u00ebrmes miq\u00ebsive personale me Macron apo ndonj\u00eb udh\u00ebheq\u00ebsi tjet\u00ebr europian p\u00ebr t\u00eb zbutur gjuh\u00ebn dhe q\u00ebndrimin e Brukselit ndaj Shqip\u00ebris\u00eb.<\/p>\n<p>Nuk dihet n\u00ebse n\u00eb takimin e dyshes Costa-VDL me presidentin Macron \u00ebsht\u00eb cekur edhe tema e Shqip\u00ebris\u00eb. Por pas mbledhjes s\u00eb COELA-s jav\u00ebn e kaluar, ujrat jan\u00eb trazuar jo pak.<\/p>\n<p>Megjithat\u00eb kjo \u00ebsht\u00eb nj\u00eb patate e nxeht\u00eb p\u00ebr Brukselin. P\u00ebrplasja e qeveris\u00eb me SPAK-un konsiderohet me t\u00eb v\u00ebrtet\u00eb nj\u00eb vije e kuqe nga Bashkimi Europian, deri n\u00eb pik\u00ebn q\u00eb t\u00eb ndaloj\u00eb p\u00ebrfundimisht integrimin. Por nga ana tjet\u00ebr, nxjerrja e Shqip\u00ebris\u00eb nga orbita e an\u00ebtar\u00ebsimit n\u00eb Bashkimin Europian do t\u00eb hapte kutin\u00eb e pandor\u00ebs n\u00eb t\u00eb gjith\u00eb Ballkanin Per\u00ebndimor duke rrezikuar t\u00eb hedh\u00eb n\u00eb kosh dhe t\u00eb \u00e7oj\u00eb n\u00eb d\u00ebshtim strategjin\u00eb e zgjerimit, e cila ka qen\u00eb nj\u00eb nga kartat kryesore t\u00eb politik\u00ebs s\u00eb Brukselit k\u00ebto vitet e fundit.<\/p>\n<p>Gjithsesi zhvillimet jan\u00eb intensive. Vet\u00eb Edi Rama tashm\u00eb e ka t\u00eb qart\u00eb se marr\u00ebdh\u00ebniet e tij me Brukselin dhe udh\u00ebheq\u00ebsit e Europ\u00ebs nuk jan\u00eb m\u00eb aq t\u00eb ngrohta dhe miq\u00ebsore sa dikur, kur i impresiononte me batuta dhe barcaleta. Tani gj\u00ebrat jan\u00eb b\u00ebr\u00eb serioze p\u00ebr kryeministrin, t\u00eb cilit me pak fjal\u00eb po i thon\u00eb l\u00ebsho Ballukun (dhe pas Ballukut dihet se k\u00eb) ose harroje 2030-\u00ebn e integrimit.<\/p>\n<p>Megjithat\u00eb kushdo q\u00eb e njeh karrier\u00ebn politike t\u00eb Edi Ram\u00ebs, e di se kryeministri i Shqip\u00ebris\u00eb deri m\u00eb tani \u00ebsht\u00eb rr\u00ebzuar gjithmon\u00eb n\u00eb k\u00ebmb\u00eb duke \u00e7uar n\u00eb perfeksion artin e t\u00eb mijetuarit politik. K\u00ebt\u00eb her\u00eb sfida gjithsesi duket m\u00eb e v\u00ebshtira q\u00eb ai ka patur. Sepse vjen nga dy fronte. Jo vet\u00ebm nga Brukseli, por edhe nga matan\u00eb oqeanit. Dhe mesazhi \u00ebsht\u00eb gjithmon\u00eb ai. L\u00ebsho Ballukun (dhe pas saj e di vet ti). \/<a href=\"https:\/\/kapitali.al\/lajme-nga-vendi\/imuniteti-i-ballukut-rama-thirret-me-urgjence-ne-bruksel-nga-ant-i36214\" target=\"_blank\" rel=\"noopener\">Kapitali.al\/<\/a><\/p>\n","protected":false},"excerpt":{"rendered":"<p>Teksa Gjykata Kushtetuese po p\u00ebrp\u00eblitet pa dinjitet p\u00ebr t\u00eb zvarritur \u00e7\u00ebshtjen Balluku, duket se presioni nd\u00ebrkomb\u00ebtar mbi Edi Ram\u00ebn po rritet n\u00eb progresion asfiksues. T\u00eb h\u00ebn\u00ebn, kryeministri i Shqip\u00ebris\u00eb do t\u00eb udh\u00ebtoj\u00eb drejt Brukselit p\u00ebr t\u2019u takuar me presidentin e K\u00ebshillit t\u00eb Europ\u00ebs, Antonio Costa. Takimi i beft\u00eb dhe i palajm\u00ebruar vjen n\u00eb kontekstin e &hellip;<\/p>\n","protected":false},"author":4,"featured_media":128232,"comment_status":"closed","ping_status":"closed","sticky":false,"template":"","format":"standard","meta":{"footnotes":""},"categories":[37],"tags":[],"class_list":["post-135450","post","type-post","status-publish","format-standard","has-post-thumbnail","","category-politike"],"_links":{"self":[{"href":"https:\/\/rdnews.al\/index.php\/wp-json\/wp\/v2\/posts\/135450","targetHints":{"allow":["GET"]}}],"collection":[{"href":"https:\/\/rdnews.al\/index.php\/wp-json\/wp\/v2\/posts"}],"about":[{"href":"https:\/\/rdnews.al\/index.php\/wp-json\/wp\/v2\/types\/post"}],"author":[{"embeddable":true,"href":"https:\/\/rdnews.al\/index.php\/wp-json\/wp\/v2\/users\/4"}],"replies":[{"embeddable":true,"href":"https:\/\/rdnews.al\/index.php\/wp-json\/wp\/v2\/comments?post=135450"}],"version-history":[{"count":1,"href":"https:\/\/rdnews.al\/index.php\/wp-json\/wp\/v2\/posts\/135450\/revisions"}],"predecessor-version":[{"id":135451,"href":"https:\/\/rdnews.al\/index.php\/wp-json\/wp\/v2\/posts\/135450\/revisions\/135451"}],"wp:featuredmedia":[{"embeddable":true,"href":"https:\/\/rdnews.al\/index.php\/wp-json\/wp\/v2\/media\/128232"}],"wp:attachment":[{"href":"https:\/\/rdnews.al\/index.php\/wp-json\/wp\/v2\/media?parent=135450"}],"wp:term":[{"taxonomy":"category","embeddable":true,"href":"https:\/\/rdnews.al\/index.php\/wp-json\/wp\/v2\/categories?post=135450"},{"taxonomy":"post_tag","embeddable":true,"href":"https:\/\/rdnews.al\/index.php\/wp-json\/wp\/v2\/tags?post=135450"}],"curies":[{"name":"wp","href":"https:\/\/api.w.org\/{rel}","templated":true}]}}