{"id":135484,"date":"2026-02-07T11:48:36","date_gmt":"2026-02-07T11:48:36","guid":{"rendered":"https:\/\/rdnews.al\/?p=135484"},"modified":"2026-02-07T11:48:36","modified_gmt":"2026-02-07T11:48:36","slug":"berisha-milloshevici-i-ka-thene-baton-haxhiut-ne-hage-qe-ti-je-i-yni-ai-ishte-agjenti-personal-i-stanishicit","status":"publish","type":"post","link":"https:\/\/rdnews.al\/index.php\/2026\/02\/07\/berisha-milloshevici-i-ka-thene-baton-haxhiut-ne-hage-qe-ti-je-i-yni-ai-ishte-agjenti-personal-i-stanishicit\/","title":{"rendered":"Berisha: Milloshevi\u00e7i i ka th\u00ebn\u00eb Baton Haxhiut n\u00eb Hag\u00eb q\u00eb ti je i yni, ai ishte agjenti personal i Stanishi\u00e7it"},"content":{"rendered":"<p>Kryetari i PD, Sali Berisha tha se analisti Baton Haxhiu ka qen\u00eb i lidhur me strukturat e ish-regjimit serb dhe se vet\u00eb Sllobodan Milloshevi\u00e7i, sipas tij, e ka quajtur Haxhiun \u201ct\u00eb vetin\u201d gjat\u00eb nj\u00eb takimi n\u00eb Hag\u00eb.<\/p>\n<p>Duke komentuar q\u00ebndrimet e fundit t\u00eb Haxhiut p\u00ebr veprimet e SPAK, Berisha e cil\u00ebsoi at\u00eb si pjes\u00eb t\u00eb nj\u00eb misioni politik n\u00eb mbrojtje t\u00eb kryeministrit Edi Rama dhe t\u00eb marr\u00ebdh\u00ebnieve t\u00eb tij me presidentin serb Aleksand\u00ebr Vu\u00e7i\u00e7.<\/p>\n<p><strong>Pjes\u00eb nga bashk\u00eb bisedimi<\/strong><\/p>\n<p><strong>Pyetje:<\/strong> N\u00eb nj\u00eb shkrim t\u00eb sot\u00ebm, Baton Haxhiu thoshte n\u00eb k\u00ebt\u00eb vend tani prokurori \u00ebsht\u00eb m\u00eb i fort\u00eb se kryeministri. Duke komentuar vendimet e SPAK, Haxhiu duket ka ndryshuar q\u00ebndrim, pasi kur b\u00ebhej fjal\u00eb p\u00ebr goditjen e opozit\u00ebs, ai ishte pro SPAK, kurse tani p\u00ebr Ram\u00ebn, ai i ka dal\u00eb kund\u00ebr. Si i cil\u00ebsoni k\u00ebto q\u00ebndrime?<\/p>\n<p><strong>Sali Berisha:<\/strong> Tani, n\u00eb qoft\u00eb se i keni harruar, po rikujtoj se Haxhiut i ka th\u00ebn\u00eb n\u00eb sy, n\u00eb Hag\u00eb, Sllobodan Milloshevi\u00e7i q\u00eb ti je nash, ti je i yni. Haxhiu ka qen\u00eb agjent personal i shefit t\u00eb zbulimit Stanishi\u00e7, t\u00eb zbulimit t\u00eb ish-Jugosllavis\u00eb.<br \/>\nDhe k\u00ebtu ai \u00ebsht\u00eb nd\u00ebrmjet\u00ebsi i v\u00ebllaz\u00ebris\u00eb s\u00eb Edi Ram\u00ebs me Aleksand\u00ebr Vu\u00e7i\u00e7.<br \/>\n\u00cbsht\u00eb njeriu q\u00eb mori pjes\u00eb n\u00eb takimin me kat\u00ebr sy, dhe dy ishin t\u00eb Danjollit t\u00eb Sherk\u00ebs, personazhit t\u00eb Rexhep Qosjes, ishin t\u00eb Batonit ato dy syt\u00eb e tjer\u00eb aty.<br \/>\nNdaj dhe k\u00ebta mos prit ndonj\u00ebher\u00eb q\u00eb ky soj njer\u00ebzish, ata jan\u00eb n\u00eb mision t\u00ebr\u00ebsisht n\u00eb mburoj\u00eb t\u00eb Edi Ram\u00ebs.<br \/>\nPrandaj dhe duhet t\u2019i shum\u00ebzojm\u00eb me zero.<\/p>\n","protected":false},"excerpt":{"rendered":"<p>Kryetari i PD, Sali Berisha tha se analisti Baton Haxhiu ka qen\u00eb i lidhur me strukturat e ish-regjimit serb dhe se vet\u00eb Sllobodan Milloshevi\u00e7i, sipas tij, e ka quajtur Haxhiun \u201ct\u00eb vetin\u201d gjat\u00eb nj\u00eb takimi n\u00eb Hag\u00eb. Duke komentuar q\u00ebndrimet e fundit t\u00eb Haxhiut p\u00ebr veprimet e SPAK, Berisha e cil\u00ebsoi at\u00eb si pjes\u00eb t\u00eb &hellip;<\/p>\n","protected":false},"author":4,"featured_media":70615,"comment_status":"closed","ping_status":"closed","sticky":false,"template":"","format":"standard","meta":{"footnotes":""},"categories":[37],"tags":[],"class_list":["post-135484","post","type-post","status-publish","format-standard","has-post-thumbnail","","category-politike"],"_links":{"self":[{"href":"https:\/\/rdnews.al\/index.php\/wp-json\/wp\/v2\/posts\/135484","targetHints":{"allow":["GET"]}}],"collection":[{"href":"https:\/\/rdnews.al\/index.php\/wp-json\/wp\/v2\/posts"}],"about":[{"href":"https:\/\/rdnews.al\/index.php\/wp-json\/wp\/v2\/types\/post"}],"author":[{"embeddable":true,"href":"https:\/\/rdnews.al\/index.php\/wp-json\/wp\/v2\/users\/4"}],"replies":[{"embeddable":true,"href":"https:\/\/rdnews.al\/index.php\/wp-json\/wp\/v2\/comments?post=135484"}],"version-history":[{"count":1,"href":"https:\/\/rdnews.al\/index.php\/wp-json\/wp\/v2\/posts\/135484\/revisions"}],"predecessor-version":[{"id":135485,"href":"https:\/\/rdnews.al\/index.php\/wp-json\/wp\/v2\/posts\/135484\/revisions\/135485"}],"wp:featuredmedia":[{"embeddable":true,"href":"https:\/\/rdnews.al\/index.php\/wp-json\/wp\/v2\/media\/70615"}],"wp:attachment":[{"href":"https:\/\/rdnews.al\/index.php\/wp-json\/wp\/v2\/media?parent=135484"}],"wp:term":[{"taxonomy":"category","embeddable":true,"href":"https:\/\/rdnews.al\/index.php\/wp-json\/wp\/v2\/categories?post=135484"},{"taxonomy":"post_tag","embeddable":true,"href":"https:\/\/rdnews.al\/index.php\/wp-json\/wp\/v2\/tags?post=135484"}],"curies":[{"name":"wp","href":"https:\/\/api.w.org\/{rel}","templated":true}]}}