{"id":135489,"date":"2026-02-07T11:59:32","date_gmt":"2026-02-07T11:59:32","guid":{"rendered":"https:\/\/rdnews.al\/?p=135489"},"modified":"2026-02-07T11:59:32","modified_gmt":"2026-02-07T11:59:32","slug":"berisha-kryengritja-paqesore-do-ti-coje-ramen-dhe-lubine-ne-banken-e-akuzes-aty-ku-e-kane-vendin","status":"publish","type":"post","link":"https:\/\/rdnews.al\/index.php\/2026\/02\/07\/berisha-kryengritja-paqesore-do-ti-coje-ramen-dhe-lubine-ne-banken-e-akuzes-aty-ku-e-kane-vendin\/","title":{"rendered":"Berisha: Kryengritja paq\u00ebsore do t&#8217;i \u00e7oj\u00eb Ram\u00ebn dhe Lubin\u00eb n\u00eb bank\u00ebn e akuz\u00ebs, aty ku e kan\u00eb vendin!"},"content":{"rendered":"<p>Kreu i PD, Sali Berisha deklaroi p\u00ebr qytetar\u00ebt n\u00eb bashk\u00ebbisedimin n\u00eb rrjetet sociale se kryeministri Edi Rama nuk do t\u00eb lejoj\u00eb largimin e Belinda Ballukut, pasi sipas tij, dosjet hetimore q\u00eb lidhen me zv\/kryeministren dhe \u00e7\u00ebshtje t\u00eb tjera madhore implikojn\u00eb drejtp\u00ebrdrejt vet\u00eb kreun e qeveris\u00eb.<\/p>\n<p>Berisha u shpreh se Rama do t\u00eb b\u00ebj\u00eb gjith\u00e7ka p\u00ebr t\u00eb \u201cshp\u00ebtuar l\u00ebkur\u00ebn e tij\u201d, nd\u00ebrsa theksoi se vet\u00ebm vendosm\u00ebria dhe kryengritja paq\u00ebsore e opozit\u00ebs mund ta \u00e7ojn\u00eb k\u00ebt\u00eb betej\u00eb deri n\u00eb fund, n\u00eb at\u00eb q\u00eb e cil\u00ebsoi si \u201cshp\u00ebtimin e Shqip\u00ebris\u00eb\u201d.<\/p>\n<p><strong>Pjes\u00eb nga pyetjet e qytetar\u00ebve<\/strong><\/p>\n<p><strong>Laert Vasili:<\/strong> Doktor, sipas jush, a \u00ebsht\u00eb Rama i detyruar t\u00eb l\u00ebshoj\u00eb Ballukun sepse barazimi kat\u00ebr me kat\u00ebr i Gjykat\u00ebs Kushtetuese duket si frik\u00eb e gjyqtar\u00ebve p\u00ebr t\u00eb marr\u00eb vendim?<\/p>\n<p><strong>Sali Berisha:<\/strong> Laert, nj\u00ebher\u00eb n\u00eb radh\u00eb t\u00eb par\u00eb t\u00eb p\u00ebrsh\u00ebndes p\u00ebrzem\u00ebrsisht dhe t\u00eb uroj sukses aty ku je.<br \/>\nPo qe se t\u00eb lejojn\u00eb kushtet, t\u00eb mir\u00ebpresim prap\u00eb me 10 shkurt dhe p\u00ebr vendimin, gjith\u00e7ka \u00ebsht\u00eb p\u00ebr Ram\u00ebn.<br \/>\nDuhet ta dini ju dhe t\u00eb gjith\u00eb shqiptar\u00ebt se po t\u00eb mos ishte i implikuar Rama, ai \u00ebsht\u00eb i gatsh\u00ebm ta zhduk\u00eb Belind\u00ebn pa pyetur p\u00ebr t\u00eb fare.<br \/>\nPor problemi \u00ebsht\u00eb se dosjet, qoft\u00eb dosja e Belind\u00ebs, qoft\u00eb dosja e AKSHI-t, t\u00eb cilat nxjerrin me sh\u00ebmtin\u00eb m\u00eb t\u00eb madhe t\u00eb v\u00ebrtetat e Edi Ram\u00ebs, nxjerrin se Edi Rama \u00ebsht\u00eb ai autori i tunelit t\u00eb Llogaras\u00eb dhe p\u00ebrfituesi kryesor i 50 milion\u00eb eurove.<br \/>\nNxjerrin se Edi Rama \u00ebsht\u00eb personi q\u00eb p\u00ebrcaktonte fituesit e tenderit t\u00eb Unaz\u00ebs s\u00eb Madhe.<br \/>\nNxjerrin m\u00eb keq se \u00e7do gj\u00eb tjet\u00ebr se Edi Rama \u00ebsht\u00eb Ergys Agasi i v\u00ebrtet\u00eb.<br \/>\nPra, jemi n\u00eb k\u00ebto rrethana, t\u00eb cilat k\u00ebrkojn\u00eb s\u00eb pari, ta kemi t\u00eb qart\u00eb se Edi Rama do b\u00ebj\u00eb gjith\u00e7ka p\u00ebr t\u00eb shp\u00ebtuar l\u00ebkur\u00ebn e tij.<br \/>\nS\u00eb dyti, ta kemi t\u00eb qart\u00eb se vet\u00ebm guximi, vendosm\u00ebria jon\u00eb do shp\u00ebtoj\u00eb Shqip\u00ebrin\u00eb nga Edi Rama.<br \/>\nNdaj dhe kjo betej\u00eb nuk ka t\u00eb ndalur gjer n\u00eb fitoren e plot\u00eb.<\/p>\n<p><strong>Muharrem Kurti:<\/strong> Doktor, Gjykata Kushtetuese e dha nj\u00eb gjysm\u00eb vendimi, tani \u00e7far\u00eb do b\u00ebhet me Lubin\u00eb?<\/p>\n<p><strong>Sali Berisha:<\/strong> Pyetja \u00ebsht\u00eb se \u00e7far\u00eb do b\u00ebhet me Ram\u00ebn. Lubia \u00ebsht\u00eb Rama, Rama \u00ebsht\u00eb Lubia.<br \/>\nKryengritja paq\u00ebsore do i \u00e7oj\u00eb ata n\u00eb bank\u00ebn e akuz\u00ebs, aty ku e ka vendin.<br \/>\nKjo do b\u00ebhet.<br \/>\nNuk ka forc\u00eb, i them Edi Ram\u00ebs, nuk ka forc\u00eb t\u00eb shp\u00ebtoj\u00eb.<br \/>\nAsnj\u00eb.<br \/>\nDhe mos k\u00ebrko dhe mos lobo se n\u00eb m\u00ebnyr\u00eb absolute ne nuk pranojm\u00eb dhe nuk do pranojm\u00eb asnj\u00eb lloj kompromisi p\u00ebrve\u00e7 ligjit.<br \/>\nDo p\u00ebrballesh me ligjin p\u00ebr veprat e tua t\u00eb zeza.<br \/>\nPara se t\u2019i kryeje, duhet t\u00eb mendoheshe mir\u00eb tre her\u00eb. Por ja q\u00eb vjen dita q\u00eb sovrani t\u00eb b\u00ebn ligjin.<br \/>\nI p\u00ebrsh\u00ebndes qytetar\u00ebt p\u00ebr p\u00ebrgjegj\u00ebsin\u00eb e madhe qytetare q\u00eb po tregojn\u00eb, revolt\u00ebn dhe zem\u00ebrimin q\u00eb kan\u00eb brenda.<br \/>\nK\u00ebshtu q\u00eb ne jemi n\u00eb misionin e madh t\u00eb shp\u00ebtimit t\u00eb Shqip\u00ebris\u00eb nga Edi Rama.<\/p>\n","protected":false},"excerpt":{"rendered":"<p>Kreu i PD, Sali Berisha deklaroi p\u00ebr qytetar\u00ebt n\u00eb bashk\u00ebbisedimin n\u00eb rrjetet sociale se kryeministri Edi Rama nuk do t\u00eb lejoj\u00eb largimin e Belinda Ballukut, pasi sipas tij, dosjet hetimore q\u00eb lidhen me zv\/kryeministren dhe \u00e7\u00ebshtje t\u00eb tjera madhore implikojn\u00eb drejtp\u00ebrdrejt vet\u00eb kreun e qeveris\u00eb. Berisha u shpreh se Rama do t\u00eb b\u00ebj\u00eb gjith\u00e7ka p\u00ebr &hellip;<\/p>\n","protected":false},"author":4,"featured_media":135490,"comment_status":"closed","ping_status":"closed","sticky":false,"template":"","format":"standard","meta":{"footnotes":""},"categories":[37],"tags":[],"class_list":["post-135489","post","type-post","status-publish","format-standard","has-post-thumbnail","","category-politike"],"_links":{"self":[{"href":"https:\/\/rdnews.al\/index.php\/wp-json\/wp\/v2\/posts\/135489","targetHints":{"allow":["GET"]}}],"collection":[{"href":"https:\/\/rdnews.al\/index.php\/wp-json\/wp\/v2\/posts"}],"about":[{"href":"https:\/\/rdnews.al\/index.php\/wp-json\/wp\/v2\/types\/post"}],"author":[{"embeddable":true,"href":"https:\/\/rdnews.al\/index.php\/wp-json\/wp\/v2\/users\/4"}],"replies":[{"embeddable":true,"href":"https:\/\/rdnews.al\/index.php\/wp-json\/wp\/v2\/comments?post=135489"}],"version-history":[{"count":1,"href":"https:\/\/rdnews.al\/index.php\/wp-json\/wp\/v2\/posts\/135489\/revisions"}],"predecessor-version":[{"id":135491,"href":"https:\/\/rdnews.al\/index.php\/wp-json\/wp\/v2\/posts\/135489\/revisions\/135491"}],"wp:featuredmedia":[{"embeddable":true,"href":"https:\/\/rdnews.al\/index.php\/wp-json\/wp\/v2\/media\/135490"}],"wp:attachment":[{"href":"https:\/\/rdnews.al\/index.php\/wp-json\/wp\/v2\/media?parent=135489"}],"wp:term":[{"taxonomy":"category","embeddable":true,"href":"https:\/\/rdnews.al\/index.php\/wp-json\/wp\/v2\/categories?post=135489"},{"taxonomy":"post_tag","embeddable":true,"href":"https:\/\/rdnews.al\/index.php\/wp-json\/wp\/v2\/tags?post=135489"}],"curies":[{"name":"wp","href":"https:\/\/api.w.org\/{rel}","templated":true}]}}