{"id":135492,"date":"2026-02-07T12:07:59","date_gmt":"2026-02-07T12:07:59","guid":{"rendered":"https:\/\/rdnews.al\/?p=135492"},"modified":"2026-02-07T12:07:59","modified_gmt":"2026-02-07T12:07:59","slug":"berisha-dash-sula-u-be-paterice-e-rames-ne-diten-e-tij-me-te-zeze-ne-do-ndahemi-nga-keta-njerez","status":"publish","type":"post","link":"https:\/\/rdnews.al\/index.php\/2026\/02\/07\/berisha-dash-sula-u-be-paterice-e-rames-ne-diten-e-tij-me-te-zeze-ne-do-ndahemi-nga-keta-njerez\/","title":{"rendered":"Berisha: Dash Sula u b\u00eb pateric\u00eb e Ram\u00ebs n\u00eb dit\u00ebn e tij m\u00eb t\u00eb zez\u00eb! Ne do ndahemi nga k\u00ebta njer\u00ebz"},"content":{"rendered":"<p>Kryetari i PD, Sali Berisha tha se, Dash Sula u b\u00eb pateric\u00eb e Ram\u00ebs n\u00eb dit\u00ebn e tij m\u00eb t\u00eb zez\u00eb! Ne do ndahemi nga k\u00ebta njer\u00ebz.<br \/>\nI pyetur nga qytetar\u00ebt lidhur me k\u00ebt\u00eb zhvillim, Berisha u shpreh se do t\u00eb distancohen nga k\u00ebta njer\u00ebz.<\/p>\n<p><strong>Pyetje:<\/strong> Doktor, p\u00ebrsh\u00ebndetje, pa e hequr v\u00ebmendjen nga \u00e7\u00ebshtja Ballukut, si e shikoni em\u00ebrimin e ish-deputetit t\u00eb PD, Dashnor Sula n\u00eb postin e kryeinspektorit t\u00eb p\u00ebrgjithsh\u00ebm?<\/p>\n<p><strong>Sali Berisha:<\/strong> Un\u00eb nj\u00ebher\u00eb n\u00eb radh\u00eb t\u00eb par\u00eb shpreh mir\u00ebkuptimin tuaj t\u00eb plot\u00eb p\u00ebr indinjat\u00ebn tuaj.<br \/>\nDhe do t\u00eb them nj\u00eb gj\u00eb k\u00ebtu, e kam menduar shpeshher\u00eb k\u00ebto koh\u00eb.<br \/>\nN\u00eb qoft\u00eb se tradhtia ndaj atdheut, quhet tradhti e lart\u00eb, edhe tradhtia ndaj idealeve m\u00eb t\u00eb shenjta t\u00eb demokracis\u00eb, nuk ka pse t\u00eb mos quhet tradhti e lart\u00eb. \u00cbsht\u00eb absolutisht e nj\u00ebjta gj\u00eb n\u00eb doktrin\u00eb.<br \/>\nT\u00eb tradhtosh ti ata, t\u00eb cil\u00ebt burra dhe gra fisnik\u00eb, kan\u00eb 12 vite q\u00eb nuk t\u00eb kthejn\u00eb shpin\u00ebn, por t\u00eb mb\u00ebshtesin me t\u00eb gjith\u00eb gabimet q\u00eb mund t\u00eb kesh b\u00ebr\u00eb, me t\u00eb gjith\u00eb t\u00eb tjerat, por t\u00eb mb\u00ebshtesin si drit\u00eb, si shpres\u00eb p\u00ebr ta, dhe t\u00eb dal\u00ebsh n\u00eb koh\u00ebn m\u00eb t\u00eb zez\u00eb t\u00eb Edi Ram\u00ebs, dhe t\u00eb kap\u00ebsh flamurin e Edi Ram\u00ebs, ke kryer aktin m\u00eb t\u00eb lart\u00eb t\u00eb tradhtis\u00eb.<br \/>\nPo, por nga ana tjet\u00ebr, ju garantoj se PD, me largimin&#8230; dhe un\u00eb n\u00eb rast se e keni v\u00ebn\u00eb re n\u00eb diskutimet e mia, n\u00eb m\u00ebnyr\u00eb t\u00eb p\u00ebrs\u00ebritur kam ngritur q\u00eb ne duhet t\u00eb ndahemi nga k\u00ebta njer\u00ebz. Kam arritur n\u00eb nj\u00eb p\u00ebrfundim.<br \/>\nKam konstatuar se nj\u00eb nga drejtimet m\u00eb themelore t\u00eb Edi Ram\u00ebs ka qen\u00eb korruptimi i eksponent\u00ebve t\u00eb opozit\u00ebs. Nj\u00eb veprimtari e ul\u00ebt.<br \/>\nNj\u00eb veprimtari e turpshme, kriminale, kur nj\u00eb qeveri p\u00ebrdor mjetet e saj p\u00ebr t\u00eb bler\u00eb, p\u00ebr t\u00eb korruptuar p\u00ebrfaq\u00ebsuesit e opozit\u00ebs vet\u00ebm n\u00eb funksion t\u00eb pushtetit t\u00eb vet.<br \/>\nNdaj dhe ne, \u00e7far\u00eb e shtyu at\u00eb n\u00eb nj\u00eb moment kaq kritik t\u2019i gjendet Edi Ram\u00ebs n\u00eb krah?<br \/>\nE kuptoni vet\u00eb se \u00e7\u2019moll\u00eb e kalbur ka qen\u00eb ai.<br \/>\n\u00c7far\u00eb e shtyn, e thash\u00eb edhe para disa dit\u00ebsh, doktorin 32 vjet mjek, thot\u00eb jam an\u00ebtar PD-je, t\u00eb dal\u00eb n\u00eb krah t\u00eb Salianjit t\u00eb krimit, t\u00eb bandave, dhe t\u00eb p\u00ebrcjell\u00eb mesazhet e Subashit, i cili n\u00eb pallatin e tij ka vendosur KESH-in.<br \/>\nNuk humbasim ne nga k\u00ebta, p\u00ebrkundrazi u them ju se ne do ndahemi me k\u00ebta.<br \/>\nNe nuk duam m\u00eb kurr\u00eb n\u00eb gjirin ton\u00eb sh\u00ebrb\u00ebtor\u00eb t\u00eb Edi Ram\u00ebs.<br \/>\nPo nj\u00eb gj\u00eb, k\u00ebta dallojn\u00eb nga ata q\u00eb e kan\u00eb ndjek\u00eb nga partia e vet. K\u00ebta g\u00eblltisin tradhtin\u00eb, jo ndaj meje, nuk ka lidhje me mua fare, ndaj teje si qytetar n\u00eb radh\u00eb t\u00eb par\u00eb q\u00eb i ke besuar dhe i ke ndjekur.<br \/>\nDhe del tani n\u00eb dit\u00ebn m\u00eb t\u00eb zez\u00eb, kur po i dridhen k\u00ebmb\u00ebt, shkon dhe i b\u00ebhesh pateric\u00eb.<br \/>\nKjo \u00ebsht\u00eb histori turpi.<\/p>\n","protected":false},"excerpt":{"rendered":"<p>Kryetari i PD, Sali Berisha tha se, Dash Sula u b\u00eb pateric\u00eb e Ram\u00ebs n\u00eb dit\u00ebn e tij m\u00eb t\u00eb zez\u00eb! Ne do ndahemi nga k\u00ebta njer\u00ebz. I pyetur nga qytetar\u00ebt lidhur me k\u00ebt\u00eb zhvillim, Berisha u shpreh se do t\u00eb distancohen nga k\u00ebta njer\u00ebz. Pyetje: Doktor, p\u00ebrsh\u00ebndetje, pa e hequr v\u00ebmendjen nga \u00e7\u00ebshtja Ballukut, &hellip;<\/p>\n","protected":false},"author":4,"featured_media":135493,"comment_status":"closed","ping_status":"closed","sticky":false,"template":"","format":"standard","meta":{"footnotes":""},"categories":[37],"tags":[],"class_list":["post-135492","post","type-post","status-publish","format-standard","has-post-thumbnail","","category-politike"],"_links":{"self":[{"href":"https:\/\/rdnews.al\/index.php\/wp-json\/wp\/v2\/posts\/135492","targetHints":{"allow":["GET"]}}],"collection":[{"href":"https:\/\/rdnews.al\/index.php\/wp-json\/wp\/v2\/posts"}],"about":[{"href":"https:\/\/rdnews.al\/index.php\/wp-json\/wp\/v2\/types\/post"}],"author":[{"embeddable":true,"href":"https:\/\/rdnews.al\/index.php\/wp-json\/wp\/v2\/users\/4"}],"replies":[{"embeddable":true,"href":"https:\/\/rdnews.al\/index.php\/wp-json\/wp\/v2\/comments?post=135492"}],"version-history":[{"count":1,"href":"https:\/\/rdnews.al\/index.php\/wp-json\/wp\/v2\/posts\/135492\/revisions"}],"predecessor-version":[{"id":135494,"href":"https:\/\/rdnews.al\/index.php\/wp-json\/wp\/v2\/posts\/135492\/revisions\/135494"}],"wp:featuredmedia":[{"embeddable":true,"href":"https:\/\/rdnews.al\/index.php\/wp-json\/wp\/v2\/media\/135493"}],"wp:attachment":[{"href":"https:\/\/rdnews.al\/index.php\/wp-json\/wp\/v2\/media?parent=135492"}],"wp:term":[{"taxonomy":"category","embeddable":true,"href":"https:\/\/rdnews.al\/index.php\/wp-json\/wp\/v2\/categories?post=135492"},{"taxonomy":"post_tag","embeddable":true,"href":"https:\/\/rdnews.al\/index.php\/wp-json\/wp\/v2\/tags?post=135492"}],"curies":[{"name":"wp","href":"https:\/\/api.w.org\/{rel}","templated":true}]}}