{"id":135502,"date":"2026-02-07T18:36:39","date_gmt":"2026-02-07T18:36:39","guid":{"rendered":"https:\/\/rdnews.al\/?p=135502"},"modified":"2026-02-07T18:36:39","modified_gmt":"2026-02-07T18:36:39","slug":"berisha-ne-kamze-prej-12-vitesh-jeni-diskriminuar-nga-pseudokryetari-dhe-pushteti-hapesirat-u-zevendesuan-nga-betoni","status":"publish","type":"post","link":"https:\/\/rdnews.al\/index.php\/2026\/02\/07\/berisha-ne-kamze-prej-12-vitesh-jeni-diskriminuar-nga-pseudokryetari-dhe-pushteti-hapesirat-u-zevendesuan-nga-betoni\/","title":{"rendered":"Berisha n\u00eb Kamz\u00eb: Prej 12 vitesh jeni diskriminuar nga pseudokryetari dhe pushteti, hap\u00ebsirat u z\u00ebvend\u00ebsuan nga betoni"},"content":{"rendered":"<p>Kryetari i PD, Sali Berisha ka zhvilluar \u2018Foltore\u2019 me banor\u00ebt dhe simpatizant\u00eb n\u00eb Kamz\u00eb. Gjat\u00eb fjal\u00ebs s\u00eb tij, ai u shpreh se, k\u00ebto 12 vite kan\u00eb qen\u00eb t\u00eb v\u00ebshtira p\u00ebr k\u00ebt\u00eb qytet, pasi gjith\u00e7ka ka ngecur.<\/p>\n<p>Berisha akuzoi kryetarin e bashkis\u00eb s\u00eb Kamz\u00ebs se ka rr\u00ebnuar infrastruktur\u00ebn e k\u00ebtij qyteti, nd\u00ebrsa hap\u00ebsirat e gjelbrat t\u00eb zon\u00ebs, po z\u00ebvend\u00ebsohen nga betoni i pallateve.<\/p>\n<p><strong>Berisha: <\/strong>Mir\u00ebmbr\u00ebma dhe p\u00ebrsh\u00ebndetjet e mia m\u00eb t\u00eb p\u00ebrzem\u00ebrta ju, demokrat\u00ebve dhe demokrat\u00ebve t\u00eb Kamz\u00ebs t\u00eb pranish\u00ebm n\u00eb k\u00ebt\u00eb sall\u00eb, banor\u00ebve t\u00eb k\u00ebtij qyteti, kudo q\u00eb jan\u00eb sonte, n\u00eb Kam\u00ebz, Shqip\u00ebri, jasht\u00eb vendi.<\/p>\n<p>I dashur zoti kryetar i deg\u00ebs s\u00eb Partis\u00eb Demokratike t\u00eb Kamz\u00ebs, i dashur zoti Ali Mehmeti, zonja Garo, t\u00eb nderuar miq.<\/p>\n<p>Kam shum\u00eb k\u00ebnaq\u00ebsi q\u00eb vij sot tek ju.<\/p>\n<p>S\u00eb pari, p\u00ebr t\u00eb shprehur mir\u00ebnjohjen m\u00eb t\u00eb pakufishme p\u00ebr secilin prej jush, p\u00ebr \u00e7do demokrat e demokrate dhe mb\u00ebshtet\u00ebs t\u00eb Partis\u00eb Demokratike dhe t\u00eb opozit\u00ebs n\u00eb k\u00ebt\u00eb qytet, t\u00eb cil\u00ebt me besim t\u00eb pal\u00ebkundur tek Partia Demokratike, ja duart n\u00eb t\u00ebr\u00ebsi, Kamz\u00ebn q\u00eb nd\u00ebrtuat, q\u00eb e ngrit\u00ebt nga hi\u00e7i, e shnd\u00ebrruat n\u00eb nj\u00eb nga qytetet m\u00eb t\u00eb m\u00ebdha t\u00eb Shqip\u00ebris\u00eb, ta mbani qytet n\u00eb p\u00ebrputhje me idealet tuaja, t\u00eb q\u00ebndroni t\u00eb pal\u00ebkundur, t\u00eb pamposhtur n\u00eb t\u00eb v\u00ebrtetat dhe vlerat q\u00eb ju besoni.<\/p>\n<p>Vij k\u00ebtu me ndjenj\u00ebn e mir\u00ebnjohjes s\u00eb thell\u00eb, sepse ju n\u00eb zgjedhjet e fundit p\u00ebrmbys\u00ebt rezultatet e m\u00ebparshme dhe shkojm\u00eb t\u00eb sigurt drejt garave t\u00eb reja me besim t\u00eb madh p\u00ebr fitore.<\/p>\n<p>Por, vij gjithashtu t\u00eb p\u00ebrulem para jush edhe p\u00ebr faktin se 12 vite kan\u00eb qen\u00eb vitet e padrejt\u00ebsive m\u00eb t\u00eb m\u00ebdha q\u00eb kan\u00eb r\u00ebn\u00eb mbi ju. Ka qen\u00eb vitet e diskriminimit m\u00eb t\u00eb pamerituar tuaj. Kan\u00eb qen\u00eb vitet n\u00eb t\u00eb cilat shumica e familjeve tuaja jan\u00eb detyruar t\u00eb p\u00ebrcjellin f\u00ebmij\u00ebt n\u00eb rrug\u00ebt e bot\u00ebs, sepse nuk ka patur p\u00ebr ta asnj\u00eb mund\u00ebsi q\u00eb t\u00eb q\u00ebndrojn\u00eb n\u00eb vatrat e tyre familjare dhe t\u00eb nd\u00ebrtojn\u00eb \u00ebndrr\u00ebn e tyre. Kan\u00eb qen\u00eb vite n\u00eb t\u00eb cilin koha pothuajse ka ndaluar n\u00eb Kam\u00ebz me k\u00ebt\u00eb kryetarin, pseudo-kryetarin q\u00eb keni. Kamza ka mbetur me nj\u00eb infrastruktur\u00eb n\u00eb rr\u00ebnim e sip\u00ebr.<\/p>\n<p>Ato terrene, ato mjedise t\u00eb cilat ishin t\u00eb domosdoshme p\u00ebr nj\u00eb qytet q\u00eb \u00ebsht\u00eb i gjashti n\u00eb Shqip\u00ebri p\u00ebr kap banor\u00ebt, nj\u00eb nga nj\u00eb i h\u00ebngri dhe po i han betoni i Edi Ram\u00ebs dhe kryetarit.<\/p>\n<p>Por k\u00ebto kan\u00eb qen\u00eb vite d\u00ebshp\u00ebrimi. Kan\u00eb qen\u00eb vite n\u00eb t\u00eb cilat pensionet jo q\u00eb nuk u rrit\u00ebn, por krahasuar me \u00e7mimet u b\u00ebn\u00eb gjithnj\u00eb m\u00eb t\u00eb vogla. Po k\u00ebshtu dhe rrogat e ul\u00ebta dhe rrogat e mesme.<\/p>\n<p>Pra, vite t\u00eb nj\u00eb regjimi q\u00eb n\u00eb Kam\u00ebz dhe n\u00eb mbar\u00eb Shqip\u00ebri \u00ebsht\u00eb sjell\u00eb si nj\u00eb pushtues i v\u00ebrtet\u00eb. \u00cbsht\u00eb sjell\u00eb si nj\u00eb pushtues i v\u00ebrtet\u00eb sepse, s\u00eb pari, duke dhunuar vot\u00ebn tuaj, vullnetin tuaj t\u00eb lir\u00eb, nj\u00eb lloj si n\u00eb raste pushtimesh dhe diktaturash, t\u00eb gjith\u00eb pushteti u p\u00ebrq\u00ebndrua n\u00eb duart e nj\u00eb njeriu.<\/p>\n<p>Kan\u00eb qen\u00eb vite n\u00eb t\u00eb cil\u00ebt ju keni derdhur lumenj djerse n\u00eb fushata elektorale.<\/p>\n<p>I keni fituar zgjedhjet, por armiku m\u00eb i eg\u00ebr i vot\u00ebs s\u00eb lir\u00eb t\u00eb shqiptar\u00ebve pas Enver Hoxh\u00ebs, Edi Rama, ka shnd\u00ebrruar procesin zgjedhor n\u00eb fars\u00eb zgjedhore, n\u00eb fars\u00eb elektorale.<\/p>\n<p>Ka krijuar n\u00eb fushat\u00eb elektorale tregun m\u00eb t\u00eb zi t\u00eb t\u00eb gjitha tregjeve, q\u00eb \u00ebsht\u00eb tregu i vot\u00ebs, tregu i vullnetit, tregu i idealeve t\u00eb njer\u00ebzve.<\/p>\n<p>Ka p\u00ebrdorur t\u00eb gjitha metodat antidemokratike, antikushtetuese p\u00ebr t\u00eb pla\u00e7kitur vot\u00ebn e qytetar\u00ebve.<\/p>\n","protected":false},"excerpt":{"rendered":"<p>Kryetari i PD, Sali Berisha ka zhvilluar \u2018Foltore\u2019 me banor\u00ebt dhe simpatizant\u00eb n\u00eb Kamz\u00eb. Gjat\u00eb fjal\u00ebs s\u00eb tij, ai u shpreh se, k\u00ebto 12 vite kan\u00eb qen\u00eb t\u00eb v\u00ebshtira p\u00ebr k\u00ebt\u00eb qytet, pasi gjith\u00e7ka ka ngecur. Berisha akuzoi kryetarin e bashkis\u00eb s\u00eb Kamz\u00ebs se ka rr\u00ebnuar infrastruktur\u00ebn e k\u00ebtij qyteti, nd\u00ebrsa hap\u00ebsirat e gjelbrat t\u00eb &hellip;<\/p>\n","protected":false},"author":4,"featured_media":135503,"comment_status":"closed","ping_status":"closed","sticky":false,"template":"","format":"standard","meta":{"footnotes":""},"categories":[37],"tags":[],"class_list":["post-135502","post","type-post","status-publish","format-standard","has-post-thumbnail","","category-politike"],"_links":{"self":[{"href":"https:\/\/rdnews.al\/index.php\/wp-json\/wp\/v2\/posts\/135502","targetHints":{"allow":["GET"]}}],"collection":[{"href":"https:\/\/rdnews.al\/index.php\/wp-json\/wp\/v2\/posts"}],"about":[{"href":"https:\/\/rdnews.al\/index.php\/wp-json\/wp\/v2\/types\/post"}],"author":[{"embeddable":true,"href":"https:\/\/rdnews.al\/index.php\/wp-json\/wp\/v2\/users\/4"}],"replies":[{"embeddable":true,"href":"https:\/\/rdnews.al\/index.php\/wp-json\/wp\/v2\/comments?post=135502"}],"version-history":[{"count":1,"href":"https:\/\/rdnews.al\/index.php\/wp-json\/wp\/v2\/posts\/135502\/revisions"}],"predecessor-version":[{"id":135504,"href":"https:\/\/rdnews.al\/index.php\/wp-json\/wp\/v2\/posts\/135502\/revisions\/135504"}],"wp:featuredmedia":[{"embeddable":true,"href":"https:\/\/rdnews.al\/index.php\/wp-json\/wp\/v2\/media\/135503"}],"wp:attachment":[{"href":"https:\/\/rdnews.al\/index.php\/wp-json\/wp\/v2\/media?parent=135502"}],"wp:term":[{"taxonomy":"category","embeddable":true,"href":"https:\/\/rdnews.al\/index.php\/wp-json\/wp\/v2\/categories?post=135502"},{"taxonomy":"post_tag","embeddable":true,"href":"https:\/\/rdnews.al\/index.php\/wp-json\/wp\/v2\/tags?post=135502"}],"curies":[{"name":"wp","href":"https:\/\/api.w.org\/{rel}","templated":true}]}}