{"id":135555,"date":"2026-02-08T22:06:57","date_gmt":"2026-02-08T22:06:57","guid":{"rendered":"https:\/\/rdnews.al\/?p=135555"},"modified":"2026-02-09T10:32:03","modified_gmt":"2026-02-09T10:32:03","slug":"vendimi-me-i-paprecedent-ne-historine-e-be-neser-rames-i-komunikohet-ne-bruksel","status":"publish","type":"post","link":"https:\/\/rdnews.al\/index.php\/2026\/02\/08\/vendimi-me-i-paprecedent-ne-historine-e-be-neser-rames-i-komunikohet-ne-bruksel\/","title":{"rendered":"Vendimi m\u00eb i paprecedent n\u00eb historin\u00eb e BE\/ Ram\u00ebs do t&#8217;i komunikohet n\u00eb Bruksel"},"content":{"rendered":"<p><strong>Sali BERISHA<\/strong><\/p>\n<p>T\u00eb dashur qytetare dhe qytetar\u00eb, sot n\u00eb monologun t\u00eb diel\u00ebs, Edi Rama n\u00eb panik dhe i fantaksur, o zotua para jush n\u00eb m\u00ebnyr\u00ebn m\u00eb t\u00eb pap\u00ebrgjegjshme se ai nuk do t\u00eb p\u00ebrfill\u00eb vendimin e Gjykat\u00ebs Kushtetuese, mbasi sipas tij, nuk ka ndodhur kurr\u00eb q\u00eb nj\u00eb minist\u00ebr t\u00eb pezullohet nga gjykatat.<\/p>\n<p>Ky \u00ebsht\u00eb nj\u00eb mashtrim i madh sa vet\u00eb Edi Rama. N\u00eb rajon, n\u00eb Europ\u00eb dhe n\u00eb bot\u00eb, gjykatat kan\u00eb pezulluar jo vet\u00ebm ministra, por edhe kryeministra.<\/p>\n<p>Por n\u00eb k\u00ebt\u00eb vendim t\u00eb Gjykat\u00ebs Kushtetuese, ai nuk sheh nj\u00eb goditje p\u00ebr Lubi Ballukun, por sheh potencialin dhe mund\u00ebsin e pezullimit t\u00eb tij si kryehajduti i kombit nga gjykatat, mbasi si\u00e7 e dini, Lubia i ka b\u00ebr\u00eb t\u00eb qart\u00eb atij, se do t\u00eb t\u00eb marr\u00eb me vete.<\/p>\n<p>Sot n\u00eb monologun e tij, ai k\u00ebrc\u00ebnoi dhe Europ\u00ebn, i tha se, alternativ\u00eb e vetme p\u00ebr Shqip\u00ebrin\u00eb n\u00eb Europ\u00eb, jemi ne hajdut\u00ebt e m\u00ebdhenj, ne q\u00eb asgj\u00ebsojm\u00eb shtetin ligjor dhe nuk njohim ligj e as Kushtetut\u00eb.<\/p>\n<p>Mir\u00ebpo nes\u00ebr sipas mediave, ai \u00ebsht\u00eb thirrur pik\u00ebrisht p\u00ebr ti komunikuar vendimin q\u00eb \u00ebsht\u00eb marr\u00eb n\u00eb rast se ky, pengon sistemin e drejt\u00ebsis\u00eb dhe veprimtarin\u00eb e tij.<\/p>\n<p>Dhe ky vendim, do t\u00eb jet\u00eb mesa duket vendimi m\u00eb i paprecedent\u00eb q\u00eb \u00ebsht\u00eb marr\u00eb ndonj\u00ebher\u00eb n\u00eb BE, sepse \u00ebsht\u00eb absolutisht i paprecedent\u00eb q\u00ebndrimi dhe vendimi i Edi Ram\u00ebs, p\u00ebr t\u00eb asgj\u00ebsuar shtetin ligjor me nj\u00eb grusht shteti, brenda shtetit.<\/p>\n<p>N\u00eb k\u00ebt\u00eb kontekst, t\u00eb dashur qytetar\u00eb dhe qytetare, dit\u00ebn e mart\u00eb, secili prej jush proteston, shpreh revolt\u00ebn n\u00eb kryengritjen paq\u00ebsore t\u00eb opozit\u00ebs, jo vet\u00ebm p\u00ebr vete, por p\u00ebr f\u00ebmij\u00ebt e tij, p\u00ebr Shqip\u00ebrin\u00eb, dhe si asnj\u00ebher\u00eb tjet\u00ebr, p\u00ebr t\u00eb ardhmen evropiane t\u00eb k\u00ebtij vendi.<\/p>\n<p>Ndaj dhe ju ftoj t\u00eb marrim fatet n\u00eb dor\u00eb t\u00eb Shqip\u00ebris\u00eb, ti q\u00ebndrojm\u00eb ligjeve dhe kushtetut\u00ebs s\u00eb vendit, si rruga e vetme e integrimit t\u00eb Shqip\u00ebris\u00eb n\u00eb BE, si rruga e vetme p\u00ebr rivendosjen e shtetit ligjor, ligjit dhe kushtetut\u00ebs n\u00eb Shqip\u00ebri.<\/p>\n","protected":false},"excerpt":{"rendered":"<p>Sali BERISHA T\u00eb dashur qytetare dhe qytetar\u00eb, sot n\u00eb monologun t\u00eb diel\u00ebs, Edi Rama n\u00eb panik dhe i fantaksur, o zotua para jush n\u00eb m\u00ebnyr\u00ebn m\u00eb t\u00eb pap\u00ebrgjegjshme se ai nuk do t\u00eb p\u00ebrfill\u00eb vendimin e Gjykat\u00ebs Kushtetuese, mbasi sipas tij, nuk ka ndodhur kurr\u00eb q\u00eb nj\u00eb minist\u00ebr t\u00eb pezullohet nga gjykatat. Ky \u00ebsht\u00eb nj\u00eb &hellip;<\/p>\n","protected":false},"author":3,"featured_media":135556,"comment_status":"closed","ping_status":"closed","sticky":false,"template":"","format":"standard","meta":{"footnotes":""},"categories":[37],"tags":[],"class_list":["post-135555","post","type-post","status-publish","format-standard","has-post-thumbnail","","category-politike"],"_links":{"self":[{"href":"https:\/\/rdnews.al\/index.php\/wp-json\/wp\/v2\/posts\/135555","targetHints":{"allow":["GET"]}}],"collection":[{"href":"https:\/\/rdnews.al\/index.php\/wp-json\/wp\/v2\/posts"}],"about":[{"href":"https:\/\/rdnews.al\/index.php\/wp-json\/wp\/v2\/types\/post"}],"author":[{"embeddable":true,"href":"https:\/\/rdnews.al\/index.php\/wp-json\/wp\/v2\/users\/3"}],"replies":[{"embeddable":true,"href":"https:\/\/rdnews.al\/index.php\/wp-json\/wp\/v2\/comments?post=135555"}],"version-history":[{"count":2,"href":"https:\/\/rdnews.al\/index.php\/wp-json\/wp\/v2\/posts\/135555\/revisions"}],"predecessor-version":[{"id":135566,"href":"https:\/\/rdnews.al\/index.php\/wp-json\/wp\/v2\/posts\/135555\/revisions\/135566"}],"wp:featuredmedia":[{"embeddable":true,"href":"https:\/\/rdnews.al\/index.php\/wp-json\/wp\/v2\/media\/135556"}],"wp:attachment":[{"href":"https:\/\/rdnews.al\/index.php\/wp-json\/wp\/v2\/media?parent=135555"}],"wp:term":[{"taxonomy":"category","embeddable":true,"href":"https:\/\/rdnews.al\/index.php\/wp-json\/wp\/v2\/categories?post=135555"},{"taxonomy":"post_tag","embeddable":true,"href":"https:\/\/rdnews.al\/index.php\/wp-json\/wp\/v2\/tags?post=135555"}],"curies":[{"name":"wp","href":"https:\/\/api.w.org\/{rel}","templated":true}]}}