{"id":135580,"date":"2026-02-09T12:04:50","date_gmt":"2026-02-09T12:04:50","guid":{"rendered":"https:\/\/rdnews.al\/?p=135580"},"modified":"2026-02-09T12:04:50","modified_gmt":"2026-02-09T12:04:50","slug":"berisha-rama-do-te-shkoje-ne-bruksel-me-fustanin-e-lubi-ballukut-pasi-u-zotua-se-do-vazhdoje-grushtin-e-shtetit","status":"publish","type":"post","link":"https:\/\/rdnews.al\/index.php\/2026\/02\/09\/berisha-rama-do-te-shkoje-ne-bruksel-me-fustanin-e-lubi-ballukut-pasi-u-zotua-se-do-vazhdoje-grushtin-e-shtetit\/","title":{"rendered":"Berisha: Rama do t\u00eb shkoj\u00eb n\u00eb Bruksel me fustanin e Lubi Ballukut pasi u zotua se do vazhdoj\u00eb grushtin e shtetit"},"content":{"rendered":"<p>Kryetari i PD, Sali Berisha, gjat\u00eb konferenc\u00ebs s\u00eb shtypit tha se, Rama shkon n\u00eb Bruksel me fustanin e Lubi Ballukut pasi u zotua se do vazhdoj\u00eb grushtin e shtetit p\u00ebr t\u00eb mbrojtur veten n\u00eb radh\u00eb t\u00eb pare.<\/p>\n<p><strong>Berisha:<\/strong> Pas vendimit t\u00eb Gjykat\u00ebs Kushtetuese, m\u00eb sakt\u00eb mosvendimit t\u00eb k\u00ebsaj gjykate, p\u00ebr t\u00eb hequr pezullimin ndaj Lubi Ballukut, pasi 4 gjyqtar\u00eb t\u00eb saj votuan kund\u00ebr heqjes s\u00eb pezullimit, votuan duke shkelmuar ligje dhe Kushtetut\u00eb, votuan n\u00eb diktatin e eg\u00ebr t\u00eb Edi Ram\u00ebs, faktikisht \u00e7far\u00eb ndodhi?<\/p>\n<p>Lubia mbeti e pezulluar, por gjykata pezulloi veten e vet.<\/p>\n<p>Ndodhi nj\u00eb akt i r\u00ebnd\u00eb, q\u00eb n\u00eb aparenc\u00eb edhe q\u00ebndron, por probabilist\u00ebt japin nj\u00eb fakt trondit\u00ebs, se n\u00eb probabilitet kjo mund t\u00eb ndodh\u00eb nj\u00eb n\u00eb 500 her\u00eb.<\/p>\n<p>E kuptoni?<\/p>\n<p>Kurse k\u00ebtu ndodh nj\u00eb n\u00eb dy her\u00eb.<\/p>\n<p>Se sa i tmerrsh\u00ebm \u00ebsht\u00eb veprimi politik, ndikimi mbi gjykat\u00ebn.<\/p>\n<p>Nuk mund t\u00eb ndodhte ai vendim, kat\u00ebr me kat\u00ebr, pavar\u00ebsisht se pezullimi mbeti n\u00eb fuqi, por pezullimi nuk duhej t\u00eb mbetej n\u00eb fuqi p\u00ebr votat e kat\u00ebr gjyqtar\u00ebve, por duhej t\u00eb mbetej n\u00eb fuqi me votat e t\u00eb gjith\u00eb gjyqtar\u00ebve.<\/p>\n<p>Kjo \u00ebsht\u00eb d\u00ebshmi edhe nj\u00ebher\u00eb e paraliz\u00ebs nga ekzekutivi i Gjykat\u00ebs Kushtetuese.<\/p>\n<p>Edi Rama k\u00ebrc\u00ebnoi n\u00eb m\u00ebnyr\u00ebn m\u00eb t\u00eb paskrupullt prokurorin\u00eb, gjykat\u00ebn dhe u zotua se do mbroj\u00eb gjer n\u00eb pik\u00ebn e fundit t\u00eb tij veten dhe Lubi Ballukun.<\/p>\n<p>Ai \u00ebsht\u00eb thirrur sot n\u00eb Bruksel. Sipas medieve, sepse nuk dihet, por mediat shkruajn\u00eb se ka takim, \u00ebsht\u00eb thirrur direkt nga numri nj\u00eb i K\u00ebshillit t\u00eb BE p\u00ebr t\u2019i komunikuar q\u00ebndrimin e prer\u00eb t\u00eb BE ndaj q\u00ebndrimeve t\u00eb tij antikushtetuese, antidemokratike, ndaj zotimit t\u00eb tij p\u00ebr t\u00eb vazhduar grushtin e shtetit.<\/p>\n<p>Pra, ju e pat\u00eb, ju e shihni, ai shkon n\u00eb Bruksel me fustanin e Lubi Ballukut, n\u00eb kuptimin q\u00eb shkon si avokat i turpsh\u00ebm i saj dhe t\u00eb gjitha i ka p\u00ebr veten e tij.<\/p>\n<p>N\u00eb Bruksel, dhe n\u00eb mbar\u00eb kryeqytetet, \u00ebsht\u00eb kuptuar se \u00e7far\u00eb p\u00ebrfaq\u00ebson, \u00e7far\u00eb kalb\u00ebsire p\u00ebrfaq\u00ebson Edi Rama.<\/p>\n<p>\u00cbsht\u00eb kuptuar se autori i aferave t\u00eb Ballukut \u00ebsht\u00eb direkt Rama.<\/p>\n<p>\u00cbsht\u00eb kuptuar se Edi Rama, p\u00ebr fatin e mir\u00eb t\u00eb shqiptar\u00ebve, \u00ebsht\u00eb Ergys Agasi.<\/p>\n<p>\u00cbsht\u00eb kuptuar se ata, n\u00eb sip\u00ebrmarrjen e dominuar t\u00ebr\u00ebsisht nga familja e tij, n\u00eb agjencin\u00eb e dominuar t\u00ebr\u00ebsisht nga familja e tij, AKSHI, jo vet\u00ebm kan\u00eb vjedhur qindra milion\u00eb, por kan\u00eb urdh\u00ebruar pengmarrje dhe krime t\u00eb sh\u00ebmtuara.<\/p>\n","protected":false},"excerpt":{"rendered":"<p>Kryetari i PD, Sali Berisha, gjat\u00eb konferenc\u00ebs s\u00eb shtypit tha se, Rama shkon n\u00eb Bruksel me fustanin e Lubi Ballukut pasi u zotua se do vazhdoj\u00eb grushtin e shtetit p\u00ebr t\u00eb mbrojtur veten n\u00eb radh\u00eb t\u00eb pare. Berisha: Pas vendimit t\u00eb Gjykat\u00ebs Kushtetuese, m\u00eb sakt\u00eb mosvendimit t\u00eb k\u00ebsaj gjykate, p\u00ebr t\u00eb hequr pezullimin ndaj Lubi &hellip;<\/p>\n","protected":false},"author":4,"featured_media":135581,"comment_status":"closed","ping_status":"closed","sticky":false,"template":"","format":"standard","meta":{"footnotes":""},"categories":[37],"tags":[],"class_list":["post-135580","post","type-post","status-publish","format-standard","has-post-thumbnail","","category-politike"],"_links":{"self":[{"href":"https:\/\/rdnews.al\/index.php\/wp-json\/wp\/v2\/posts\/135580","targetHints":{"allow":["GET"]}}],"collection":[{"href":"https:\/\/rdnews.al\/index.php\/wp-json\/wp\/v2\/posts"}],"about":[{"href":"https:\/\/rdnews.al\/index.php\/wp-json\/wp\/v2\/types\/post"}],"author":[{"embeddable":true,"href":"https:\/\/rdnews.al\/index.php\/wp-json\/wp\/v2\/users\/4"}],"replies":[{"embeddable":true,"href":"https:\/\/rdnews.al\/index.php\/wp-json\/wp\/v2\/comments?post=135580"}],"version-history":[{"count":1,"href":"https:\/\/rdnews.al\/index.php\/wp-json\/wp\/v2\/posts\/135580\/revisions"}],"predecessor-version":[{"id":135582,"href":"https:\/\/rdnews.al\/index.php\/wp-json\/wp\/v2\/posts\/135580\/revisions\/135582"}],"wp:featuredmedia":[{"embeddable":true,"href":"https:\/\/rdnews.al\/index.php\/wp-json\/wp\/v2\/media\/135581"}],"wp:attachment":[{"href":"https:\/\/rdnews.al\/index.php\/wp-json\/wp\/v2\/media?parent=135580"}],"wp:term":[{"taxonomy":"category","embeddable":true,"href":"https:\/\/rdnews.al\/index.php\/wp-json\/wp\/v2\/categories?post=135580"},{"taxonomy":"post_tag","embeddable":true,"href":"https:\/\/rdnews.al\/index.php\/wp-json\/wp\/v2\/tags?post=135580"}],"curies":[{"name":"wp","href":"https:\/\/api.w.org\/{rel}","templated":true}]}}