{"id":135583,"date":"2026-02-09T12:18:35","date_gmt":"2026-02-09T12:18:35","guid":{"rendered":"https:\/\/rdnews.al\/?p=135583"},"modified":"2026-02-09T12:18:35","modified_gmt":"2026-02-09T12:18:35","slug":"berisha-rama-po-e-kthen-integrimin-mbrapa-ne-vitin-1992-per-te-mbrojtur-veten-e-tij","status":"publish","type":"post","link":"https:\/\/rdnews.al\/index.php\/2026\/02\/09\/berisha-rama-po-e-kthen-integrimin-mbrapa-ne-vitin-1992-per-te-mbrojtur-veten-e-tij\/","title":{"rendered":"Berisha: Rama po e kthen integrimin mbrapa n\u00eb vitin 1992 p\u00ebr t\u00eb mbrojtur veten e tij!"},"content":{"rendered":"<p>Lideri i opozit\u00ebs, Sali Berisha n\u00eb daljen e tij p\u00ebr mediat, tha se, Edi Rama po e kthen integrimin mbrapa n\u00eb vitin 1992 p\u00ebr t\u00eb mbrojtur veten e tij!<\/p>\n<p>Berisha tha se, Partia Demokratike \u00ebsht\u00eb e vendosur p\u00ebr ta mb\u00ebshtetur k\u00ebt\u00eb proces bazuar tek meritat.<\/p>\n<p><strong>Berisha:<\/strong> De facto pra, Edi Rama po shkon drejt fundi t\u00eb tij t\u00eb merituar.<\/p>\n<p>Mir\u00ebpo, si\u00e7 b\u00ebjn\u00eb t\u00eb ditur mediat, sepse nuk ka njoftime, por mediat q\u00eb u referohen burimeve zyrtare nd\u00ebrkomb\u00ebtare, atij i komunikohet se ky q\u00ebndrim \u00ebsht\u00eb aq i r\u00ebnd\u00eb dhe i papajtuesh\u00ebm me shtetin ligjor, me Kushtetut\u00ebn, me standardet evropiane, saq\u00eb do t\u00eb provokoj\u00eb zhb\u00ebrj\u00ebn e plot\u00eb t\u00eb procesit t\u00eb integrimit me Shqip\u00ebrin\u00eb.<\/p>\n<p>Kthimin mbrapa t\u00eb k\u00ebtij procesi n\u00eb vitin 1992 kur u firmos marr\u00ebveshja tregtare.<\/p>\n<p>Akt, i cili nuk \u00ebsht\u00eb nd\u00ebrmarr\u00eb kurr\u00eb ndaj nj\u00eb vendi.<\/p>\n<p>Nuk \u00ebsht\u00eb nd\u00ebrmarr\u00eb sepse nuk ka ekzistuar dhe nuk ekziston n\u00eb historin\u00eb 76-vje\u00e7are t\u00eb BE nj\u00eb rast i vet\u00ebm i ngjash\u00ebm me Edi ramin dhe Lubi Ballukun.<\/p>\n<p>Asnj\u00eb.<\/p>\n<p>U rikujtoj k\u00ebtu nj\u00eb moment.<\/p>\n<p>Nj\u00eb prokurore speciale e Rumanis\u00eb, e cila n\u00eb dallim nga mashtrimet e paskrupullta dhe banale q\u00eb b\u00ebn Edi Rama se nuk ka pasur pezullime, ka pezulluar jo nj\u00eb, por disa ministra.<\/p>\n<p>Dhe kur ajo p\u00ebrgatiti dosjen e pezullimit t\u00eb kryeministrit rumun, ai e mori vesh dhe dha dor\u00ebheqjen.<\/p>\n<p>Pezullim ministrash, si\u00e7 ua kam faktuar me em\u00ebr, mbiem\u00ebr, me data e t\u00eb gjitha kan\u00eb ndodhur me dhjet\u00ebra raste n\u00eb Europ\u00eb, n\u00eb Azi dhe n\u00eb bot\u00eb.<\/p>\n<p>Pra, Edi Rama po mbron veten e tij.<\/p>\n<p>Po mbron veten e tij dhe po nd\u00ebshkon Shqip\u00ebrin\u00eb n\u00eb m\u00ebnyr\u00ebn m\u00eb ekzemplare.<\/p>\n<p>Por sot meq\u00eb \u00ebsht\u00eb kjo dit\u00eb, dhe ai k\u00ebrc\u00ebnonte Europ\u00ebn duke deklaruar se ne dhe vet\u00ebm ne jemi perspektiva evropiane e shqiptar\u00ebve, mashtrim i madh, un\u00eb deklaroj sot at\u00eb q\u00eb kam deklaruar prej 2-3 vitesh me dhjet\u00ebra her\u00eb.<\/p>\n<p>Shqip\u00ebria nuk plot\u00ebson n\u00eb m\u00ebnyr\u00eb absolute asnj\u00eb kusht t\u00eb procesit t\u00eb integrimit.<\/p>\n<p>Sukseset e Shqip\u00ebris\u00eb me Edi Ram\u00ebn jan\u00eb mashtrimi m\u00eb i madh.<\/p>\n<p>Shqip\u00ebria plot\u00ebson kushtin gjeostrategjik, i cili \u00ebsht\u00eb nj\u00eb kusht i r\u00ebnd\u00ebsish\u00ebm.<\/p>\n<p>Por duke th\u00ebn\u00eb k\u00ebt\u00eb, garantoj partner\u00ebt tan\u00eb, garantoj BE-n\u00eb se PD ka objektivin e saj m\u00eb madhor integrimin e Shqip\u00ebris\u00eb n\u00eb Europ\u00eb.<\/p>\n<p>Por, n\u00eb nj\u00eb rrug\u00eb tjet\u00ebr.<\/p>\n<p>Asnj\u00ebher\u00eb me mashtrime dhe lobimet mashtruese, gjith\u00e7ka n\u00eb merit\u00ebn, performanc\u00ebn dhe merit\u00ebn.<\/p>\n<p>Kurr\u00eb nuk kemi ndjekur rrug\u00eb tjet\u00ebr dhe ajo ka qen\u00eb rruga e suksesit.<\/p>\n<p>Ne kemi plot\u00ebsuar p\u00ebr MSA-n\u00eb dhe ajo \u00ebsht\u00eb firmosur, \u00ebsht\u00eb votuar n\u00eb t\u00eb gjitha parlamentet e BE, diku me ndonj\u00eb hezitim, diku me ndonj\u00eb vones\u00eb, diku shum\u00eb shpejt, por ne kemi pasur argumente pse ne e meritojm\u00eb MSA-n\u00eb.<\/p>\n<p>Ne nuk iu lut\u00ebm askujt, absolutisht, p\u00ebr heqjen e vizave, jo.<\/p>\n<p>P\u00ebrkundrazi, ne t\u00eb gjitha kancelarive t\u00eb vendeve t\u00eb BE, kishim nj\u00eb mesazh: t\u00eb nderuar zot\u00ebrinj, zonj\u00eb, ne k\u00ebrkojm\u00eb nga ju q\u00eb n\u00eb vendimin q\u00eb do merrni, ta bazoni ose n\u00eb nj\u00eb mision tuaj n\u00eb Shqip\u00ebri, n\u00ebse jan\u00eb plot\u00ebsuar kushtet apo jo p\u00ebr heqjen e vizave, sepse ishin nja 120 k\u00ebrkesa, ose t\u00eb sjellim ne, p\u00ebrfaq\u00ebsuesit tan\u00eb t\u2019u brifojn\u00eb ju p\u00ebr k\u00ebt\u00eb.<\/p>\n<p>Dhe kjo ka funksionuar n\u00eb m\u00ebnyr\u00eb m\u00eb serioze.<\/p>\n","protected":false},"excerpt":{"rendered":"<p>Lideri i opozit\u00ebs, Sali Berisha n\u00eb daljen e tij p\u00ebr mediat, tha se, Edi Rama po e kthen integrimin mbrapa n\u00eb vitin 1992 p\u00ebr t\u00eb mbrojtur veten e tij! Berisha tha se, Partia Demokratike \u00ebsht\u00eb e vendosur p\u00ebr ta mb\u00ebshtetur k\u00ebt\u00eb proces bazuar tek meritat. Berisha: De facto pra, Edi Rama po shkon drejt fundi &hellip;<\/p>\n","protected":false},"author":4,"featured_media":135584,"comment_status":"closed","ping_status":"closed","sticky":false,"template":"","format":"standard","meta":{"footnotes":""},"categories":[37],"tags":[],"class_list":["post-135583","post","type-post","status-publish","format-standard","has-post-thumbnail","","category-politike"],"_links":{"self":[{"href":"https:\/\/rdnews.al\/index.php\/wp-json\/wp\/v2\/posts\/135583","targetHints":{"allow":["GET"]}}],"collection":[{"href":"https:\/\/rdnews.al\/index.php\/wp-json\/wp\/v2\/posts"}],"about":[{"href":"https:\/\/rdnews.al\/index.php\/wp-json\/wp\/v2\/types\/post"}],"author":[{"embeddable":true,"href":"https:\/\/rdnews.al\/index.php\/wp-json\/wp\/v2\/users\/4"}],"replies":[{"embeddable":true,"href":"https:\/\/rdnews.al\/index.php\/wp-json\/wp\/v2\/comments?post=135583"}],"version-history":[{"count":1,"href":"https:\/\/rdnews.al\/index.php\/wp-json\/wp\/v2\/posts\/135583\/revisions"}],"predecessor-version":[{"id":135585,"href":"https:\/\/rdnews.al\/index.php\/wp-json\/wp\/v2\/posts\/135583\/revisions\/135585"}],"wp:featuredmedia":[{"embeddable":true,"href":"https:\/\/rdnews.al\/index.php\/wp-json\/wp\/v2\/media\/135584"}],"wp:attachment":[{"href":"https:\/\/rdnews.al\/index.php\/wp-json\/wp\/v2\/media?parent=135583"}],"wp:term":[{"taxonomy":"category","embeddable":true,"href":"https:\/\/rdnews.al\/index.php\/wp-json\/wp\/v2\/categories?post=135583"},{"taxonomy":"post_tag","embeddable":true,"href":"https:\/\/rdnews.al\/index.php\/wp-json\/wp\/v2\/tags?post=135583"}],"curies":[{"name":"wp","href":"https:\/\/api.w.org\/{rel}","templated":true}]}}