{"id":135589,"date":"2026-02-09T12:33:45","date_gmt":"2026-02-09T12:33:45","guid":{"rendered":"https:\/\/rdnews.al\/?p=135589"},"modified":"2026-02-09T12:33:45","modified_gmt":"2026-02-09T12:33:45","slug":"berisha-revolte-dhe-vetem-revolte-opozita-asnje-vote-per-asnje-hap-te-kreut-te-organizates-kriminale","status":"publish","type":"post","link":"https:\/\/rdnews.al\/index.php\/2026\/02\/09\/berisha-revolte-dhe-vetem-revolte-opozita-asnje-vote-per-asnje-hap-te-kreut-te-organizates-kriminale\/","title":{"rendered":"Berisha: Revolt\u00eb dhe vet\u00ebm revolt\u00eb! Opozita asnj\u00eb vot\u00eb p\u00ebr asnj\u00eb hap t\u00eb kreut t\u00eb organizat\u00ebs kriminale!"},"content":{"rendered":"<p>Kryetari i PD, Sali Berisha,i pyetur nga gazetar\u00ebt tha se, opozita nuk ka asnj\u00eb vot\u00eb p\u00ebr asnj\u00eb hap t\u00eb kreut t\u00eb organizat\u00ebs kriminale. Revolt\u00eb dhe vet\u00ebm revolt\u00eb, tha lideri i opozit\u00ebs.<\/p>\n<p><strong>Marsi Korreshi, SYRI TV:<\/strong> P\u00ebrtej rrezikut q\u00eb keni denoncuar se vjen nga Brukseli p\u00ebr procesin e integrimit evropian dhe p\u00ebrtej vendimmarrjes s\u00eb Gjykat\u00ebs Kushtetuese, kreu i qeveris\u00eb Edi Rama e ka b\u00ebr\u00eb t\u00eb qart\u00eb edhe n\u00eb mbledhjen e grupit parlamentar t\u00eb Partis\u00eb Socialiste se do t\u00eb vijoj\u00eb betej\u00ebn ligjore p\u00ebr Belinda Ballukun, madje duke paralajm\u00ebruar edhe ndryshime n\u00eb legjislacion. Keni nj\u00eb koment p\u00ebr k\u00ebt\u00eb dhe cili do t\u00eb jet\u00eb q\u00ebndrimi i opozit\u00ebs p\u00ebrball\u00eb zhvillimeve t\u00eb fundit n\u00eb vend.<\/p>\n<p><strong>Sali Berisha:<\/strong> Q\u00ebndrimi i opozit\u00ebs, do t\u00eb jet\u00eb, protest\u00eb, protest\u00eb dhe vet\u00ebm protest\u00eb.<\/p>\n<p>Revolt\u00eb, revolt\u00eb dhe vet\u00ebm revolt\u00eb dhe n\u00eb m\u00ebnyr\u00eb kategorike asnj\u00eb vot\u00eb, p\u00ebr asnj\u00eb hap t\u00eb kreut t\u00eb organizat\u00ebs kriminale dhe organizat\u00ebs kriminale n\u00eb mbrojtje t\u00eb vjedhjes dhe krimeve t\u00eb tyre.<\/p>\n<p>Asnj\u00eb vot\u00eb nuk do t\u00eb ket\u00eb.<\/p>\n<p>Ne kemi tani dialog konstant me qytetar\u00ebt, i ftojm\u00eb ata me guximin e tyre, ti tregojm\u00eb vendin k\u00ebtyre narkoqeveritar\u00ebve q\u00eb nuk kan\u00eb asnj\u00eb norm\u00eb e parim tjet\u00ebr, p\u00ebrve\u00e7 vjedhjes s\u00eb qytetar\u00ebve.<\/p>\n","protected":false},"excerpt":{"rendered":"<p>Kryetari i PD, Sali Berisha,i pyetur nga gazetar\u00ebt tha se, opozita nuk ka asnj\u00eb vot\u00eb p\u00ebr asnj\u00eb hap t\u00eb kreut t\u00eb organizat\u00ebs kriminale. Revolt\u00eb dhe vet\u00ebm revolt\u00eb, tha lideri i opozit\u00ebs. Marsi Korreshi, SYRI TV: P\u00ebrtej rrezikut q\u00eb keni denoncuar se vjen nga Brukseli p\u00ebr procesin e integrimit evropian dhe p\u00ebrtej vendimmarrjes s\u00eb Gjykat\u00ebs Kushtetuese, &hellip;<\/p>\n","protected":false},"author":4,"featured_media":135590,"comment_status":"closed","ping_status":"closed","sticky":false,"template":"","format":"standard","meta":{"footnotes":""},"categories":[37],"tags":[],"class_list":["post-135589","post","type-post","status-publish","format-standard","has-post-thumbnail","","category-politike"],"_links":{"self":[{"href":"https:\/\/rdnews.al\/index.php\/wp-json\/wp\/v2\/posts\/135589","targetHints":{"allow":["GET"]}}],"collection":[{"href":"https:\/\/rdnews.al\/index.php\/wp-json\/wp\/v2\/posts"}],"about":[{"href":"https:\/\/rdnews.al\/index.php\/wp-json\/wp\/v2\/types\/post"}],"author":[{"embeddable":true,"href":"https:\/\/rdnews.al\/index.php\/wp-json\/wp\/v2\/users\/4"}],"replies":[{"embeddable":true,"href":"https:\/\/rdnews.al\/index.php\/wp-json\/wp\/v2\/comments?post=135589"}],"version-history":[{"count":1,"href":"https:\/\/rdnews.al\/index.php\/wp-json\/wp\/v2\/posts\/135589\/revisions"}],"predecessor-version":[{"id":135591,"href":"https:\/\/rdnews.al\/index.php\/wp-json\/wp\/v2\/posts\/135589\/revisions\/135591"}],"wp:featuredmedia":[{"embeddable":true,"href":"https:\/\/rdnews.al\/index.php\/wp-json\/wp\/v2\/media\/135590"}],"wp:attachment":[{"href":"https:\/\/rdnews.al\/index.php\/wp-json\/wp\/v2\/media?parent=135589"}],"wp:term":[{"taxonomy":"category","embeddable":true,"href":"https:\/\/rdnews.al\/index.php\/wp-json\/wp\/v2\/categories?post=135589"},{"taxonomy":"post_tag","embeddable":true,"href":"https:\/\/rdnews.al\/index.php\/wp-json\/wp\/v2\/tags?post=135589"}],"curies":[{"name":"wp","href":"https:\/\/api.w.org\/{rel}","templated":true}]}}