{"id":135659,"date":"2026-02-09T18:45:27","date_gmt":"2026-02-09T18:45:27","guid":{"rendered":"https:\/\/rdnews.al\/?p=135659"},"modified":"2026-02-09T19:28:43","modified_gmt":"2026-02-09T19:28:43","slug":"sekretari-i-pergjithshem-i-ps-balluku-ministre-nuk-njohim-vendimin-e-gjykates","status":"publish","type":"post","link":"https:\/\/rdnews.al\/index.php\/2026\/02\/09\/sekretari-i-pergjithshem-i-ps-balluku-ministre-nuk-njohim-vendimin-e-gjykates\/","title":{"rendered":"Sekretari i P\u00ebrgjithsh\u00ebm i PS: Balluku, ministre\/ \u201cNuk njohim vendimin e Gjykat\u00ebs\u201d!"},"content":{"rendered":"<p>Sekretari i P\u00ebrgjithsh\u00ebm i Partis\u00eb Socialiste, Blendi Klosi ka folur k\u00ebt\u00eb t\u00eb h\u00ebn\u00eb p\u00ebr Euronews Albania lidhur me vendimin e Kushtetueses lidhur me pezullimin e Belinda Ballukut. Klosi ka th\u00ebn\u00eb se pas vendimit t\u00eb Kryeministrit pas mbledhjes s\u00eb grupit t\u00eb PS-s\u00eb, sipas tij forca e tyre politike do t\u00eb ruaj\u00eb parimin e mb\u00ebshtetjes p\u00ebr drejt\u00ebsin\u00eb, por nuk do t\u00eb jet\u00eb dakord p\u00ebr nd\u00ebrhyrjen n\u00eb pushtetin e zgjedhur nga populli p\u00ebr pezullimin e nj\u00eb ministri si nj\u00eb funksion i padeleguesh\u00ebm.<\/p>\n<p>\u201cP\u00ebr hir t\u00eb kronik\u00ebs nuk ka nj\u00eb vendim t\u00eb Gjykat\u00ebs Kushtetuese, por sa i p\u00ebrket raportit me PS-n\u00eb, ne disa parimeve i q\u00ebndrojm\u00eb shum\u00eb fort\u00eb. E para, mb\u00ebshtetja p\u00ebr drejt\u00ebsin\u00eb e re dhe organet e drejt\u00ebsis\u00eb s\u00eb re dhe at\u00eb \u00e7far\u00eb drejt\u00ebsia e re merr vendim. Diskutimi m\u00eb i madh \u00ebsht\u00eb p\u00ebr procedurat, e cila \u00ebsht\u00eb di\u00e7ka tjet\u00ebr.<\/p>\n<p>Sa i p\u00ebrket vendimit t\u00eb Kushtetueses, ne vazhdojm\u00eb t\u2019i q\u00ebndrojm\u00eb fort parimit mbi t\u00eb cilin pati dhe reagimin Kryeministri, raportin midis institucioneve q\u00eb \u00ebsht\u00eb drejt\u00ebsia n\u00eb nj\u00eb krah dhe ekzekutivit, p\u00ebr postet q\u00eb jan\u00eb t\u00eb delegueshme. A mund t\u00eb pezullohen apo jo. Vet\u00eb Parlamenti apo Kryeministri nuk u sqarua ky vendim. Ky \u00ebsht\u00eb vendim i qart\u00eb p\u00ebr ne, ku ne asnj\u00ebher\u00eb nuk do ta pranojm\u00eb q\u00eb nj\u00eb organ q\u00eb s\u2019\u00ebsht\u00eb i zgjedhur nga qytetar\u00ebt, t\u00eb pezulloj\u00eb nj\u00eb minist\u00ebr, nj\u00eb funksion t\u00eb padeleguesh\u00ebm\u201d, tha Klosi.<\/p>\n","protected":false},"excerpt":{"rendered":"<p>Sekretari i P\u00ebrgjithsh\u00ebm i Partis\u00eb Socialiste, Blendi Klosi ka folur k\u00ebt\u00eb t\u00eb h\u00ebn\u00eb p\u00ebr Euronews Albania lidhur me vendimin e Kushtetueses lidhur me pezullimin e Belinda Ballukut. Klosi ka th\u00ebn\u00eb se pas vendimit t\u00eb Kryeministrit pas mbledhjes s\u00eb grupit t\u00eb PS-s\u00eb, sipas tij forca e tyre politike do t\u00eb ruaj\u00eb parimin e mb\u00ebshtetjes p\u00ebr drejt\u00ebsin\u00eb, &hellip;<\/p>\n","protected":false},"author":4,"featured_media":135667,"comment_status":"closed","ping_status":"closed","sticky":false,"template":"","format":"standard","meta":{"footnotes":""},"categories":[37],"tags":[],"class_list":["post-135659","post","type-post","status-publish","format-standard","has-post-thumbnail","","category-politike"],"_links":{"self":[{"href":"https:\/\/rdnews.al\/index.php\/wp-json\/wp\/v2\/posts\/135659","targetHints":{"allow":["GET"]}}],"collection":[{"href":"https:\/\/rdnews.al\/index.php\/wp-json\/wp\/v2\/posts"}],"about":[{"href":"https:\/\/rdnews.al\/index.php\/wp-json\/wp\/v2\/types\/post"}],"author":[{"embeddable":true,"href":"https:\/\/rdnews.al\/index.php\/wp-json\/wp\/v2\/users\/4"}],"replies":[{"embeddable":true,"href":"https:\/\/rdnews.al\/index.php\/wp-json\/wp\/v2\/comments?post=135659"}],"version-history":[{"count":1,"href":"https:\/\/rdnews.al\/index.php\/wp-json\/wp\/v2\/posts\/135659\/revisions"}],"predecessor-version":[{"id":135661,"href":"https:\/\/rdnews.al\/index.php\/wp-json\/wp\/v2\/posts\/135659\/revisions\/135661"}],"wp:featuredmedia":[{"embeddable":true,"href":"https:\/\/rdnews.al\/index.php\/wp-json\/wp\/v2\/media\/135667"}],"wp:attachment":[{"href":"https:\/\/rdnews.al\/index.php\/wp-json\/wp\/v2\/media?parent=135659"}],"wp:term":[{"taxonomy":"category","embeddable":true,"href":"https:\/\/rdnews.al\/index.php\/wp-json\/wp\/v2\/categories?post=135659"},{"taxonomy":"post_tag","embeddable":true,"href":"https:\/\/rdnews.al\/index.php\/wp-json\/wp\/v2\/tags?post=135659"}],"curies":[{"name":"wp","href":"https:\/\/api.w.org\/{rel}","templated":true}]}}