{"id":135696,"date":"2026-02-10T10:09:19","date_gmt":"2026-02-10T10:09:19","guid":{"rendered":"https:\/\/rdnews.al\/?p=135696"},"modified":"2026-02-10T10:09:19","modified_gmt":"2026-02-10T10:09:19","slug":"pse-sot-te-gjithe-duhet-te-protestojme","status":"publish","type":"post","link":"https:\/\/rdnews.al\/index.php\/2026\/02\/10\/pse-sot-te-gjithe-duhet-te-protestojme\/","title":{"rendered":"Pse sot t\u00eb gjith\u00eb duhet t\u00eb protestojm\u00eb!"},"content":{"rendered":"<p><strong>Nga Ylli ASLLANI<\/strong><\/p>\n<p>\ud83d\udd39Mos harroni thoshte Sokrati i lasht\u00eb, \u201cvet\u00ebm pak jan\u00eb skllev\u00ebr t\u00eb v\u00ebrtet\u00eb, pjesa m\u00eb e madhe jan\u00eb skllev\u00ebr vullnetar\u00eb\u201d!<br \/>\n\ud83d\udd39Autokracia e instaluar n\u00eb Shqip\u00ebri\u202d \u202c \u00ebsht\u00eb ulur kemb\u00ebkryq! Ajo po sjell ve\u00e7 mjerim, pabarazi shoq\u00ebrore, braktisje t\u00eb trojeve, gryk\u00ebsi\u202d \u202c t\u00eb pushtetar\u00ebve dhe munges\u00eb shprese p\u00ebr brezin e ri!<br \/>\n\ud83d\udd39Nuk \u00ebsht\u00eb thjesht nj\u00eb devijim i keq qeverisjes nga maxhoranca n\u00eb pushtet! \u00cbsht\u00eb shum\u00eb m\u00eb shum\u00eb se kaq!<br \/>\n\ud83d\udd39N\u00eb Shqip\u00ebri \u00ebsht\u00eb shembur kolona q\u00eb mban shtetin n\u00eb ekuilib\u00ebr:<br \/>\nNdarja, balanca dhe kontrolli pushteteve!<br \/>\n\ud83d\udd39Kryerilindasi e ka nxjerr\u00eb vendin nga shinat e nje shteti normal duke manipuluar vullnetin politik t\u00eb qytetar\u00ebve, duke uzurpuar drejt\u00ebsin\u00eb, tronditur rendin dhe institucionet kushtetues, si dhe duke shk\u00ebputur \u00e7do hallk\u00eb t\u00eb bazamentit ligjor t\u00eb shtetit!<br \/>\n\ud83d\udd39P\u00ebr opozit\u00ebn dhe qytetar\u00ebt po b\u00ebhet e qart\u00eb se korrupsioni,, hajdutll\u00ebku qeveritar, shpopullimi friksh\u00ebm, narko-oligarkia, shembja e ekonomive familjare dhe dhuna politike nuk luftohen vet\u00ebm me artikuj gazetash, diskutime n\u00eb ekrane, konferenca apo postera\u2026<br \/>\n\ud83d\udd39N\u00eb k\u00ebt\u00eb kaos k\u00ebrkohet nj\u00eb sjellje ndryshe, nevojitet nga qytetari<br \/>\ndhe sidomos rinia shqiptare t\u00eb ballafaqohen politikisht n\u00ebp\u00ebr<br \/>\nsheshe me regjimin, ashtu sikurse vet\u00eb opozita t\u00eb udh\u00ebheq\u00eb e vendosur revoltat dhe t\u00eb shkoj\u00eb m\u00eb af\u00ebr halleve t\u00eb qytetarit dhe aktivist\u00ebve t\u00eb tyre t\u00eb rinj.<br \/>\n\ud83d\udd39K\u00ebrkohet mosbindje civile p\u00ebr t\u00eb zbritur nga pushteti sundimtarin<br \/>\ndhe manipuluesit e vullnetit qytetar, p\u00ebr t\u00eb garantuar k\u00ebshtu me qeveri teknike zgjedhje t\u00eb lira dhe pastrim t\u00eb politik\u00ebs s\u00eb infektuar nga narkotrafiku dhe bab\u00ebzia e klas\u00ebs qeveris\u00ebse!<br \/>\n\ud83d\udd39 Me sjelljet p\u00ebrher\u00eb e m\u00eb t\u00eb pap\u00ebrgjegj\u00ebshme t\u00eb Kryeministrit po b\u00ebhet e qart\u00eb se aspirata e qytetar\u00ebve p\u00ebr nj\u00eb jet\u00eb t\u00eb begat\u00eb, zgjedhje te lira dhe demokraci normale nuk mund t\u00eb<br \/>\nbashk\u00ebjetoj\u00eb n\u00eb t\u00eb nj\u00ebjtin vend dhe n\u00eb t\u00eb nj\u00ebjt\u00ebn koh\u00eb me autokratin Rama!<\/p>\n","protected":false},"excerpt":{"rendered":"<p>Nga Ylli ASLLANI \ud83d\udd39Mos harroni thoshte Sokrati i lasht\u00eb, \u201cvet\u00ebm pak jan\u00eb skllev\u00ebr t\u00eb v\u00ebrtet\u00eb, pjesa m\u00eb e madhe jan\u00eb skllev\u00ebr vullnetar\u00eb\u201d! \ud83d\udd39Autokracia e instaluar n\u00eb Shqip\u00ebri\u202d \u202c \u00ebsht\u00eb ulur kemb\u00ebkryq! Ajo po sjell ve\u00e7 mjerim, pabarazi shoq\u00ebrore, braktisje t\u00eb trojeve, gryk\u00ebsi\u202d \u202c t\u00eb pushtetar\u00ebve dhe munges\u00eb shprese p\u00ebr brezin e ri! \ud83d\udd39Nuk \u00ebsht\u00eb thjesht &hellip;<\/p>\n","protected":false},"author":4,"featured_media":135697,"comment_status":"closed","ping_status":"closed","sticky":false,"template":"","format":"standard","meta":{"footnotes":""},"categories":[37],"tags":[],"class_list":["post-135696","post","type-post","status-publish","format-standard","has-post-thumbnail","","category-politike"],"_links":{"self":[{"href":"https:\/\/rdnews.al\/index.php\/wp-json\/wp\/v2\/posts\/135696","targetHints":{"allow":["GET"]}}],"collection":[{"href":"https:\/\/rdnews.al\/index.php\/wp-json\/wp\/v2\/posts"}],"about":[{"href":"https:\/\/rdnews.al\/index.php\/wp-json\/wp\/v2\/types\/post"}],"author":[{"embeddable":true,"href":"https:\/\/rdnews.al\/index.php\/wp-json\/wp\/v2\/users\/4"}],"replies":[{"embeddable":true,"href":"https:\/\/rdnews.al\/index.php\/wp-json\/wp\/v2\/comments?post=135696"}],"version-history":[{"count":1,"href":"https:\/\/rdnews.al\/index.php\/wp-json\/wp\/v2\/posts\/135696\/revisions"}],"predecessor-version":[{"id":135698,"href":"https:\/\/rdnews.al\/index.php\/wp-json\/wp\/v2\/posts\/135696\/revisions\/135698"}],"wp:featuredmedia":[{"embeddable":true,"href":"https:\/\/rdnews.al\/index.php\/wp-json\/wp\/v2\/media\/135697"}],"wp:attachment":[{"href":"https:\/\/rdnews.al\/index.php\/wp-json\/wp\/v2\/media?parent=135696"}],"wp:term":[{"taxonomy":"category","embeddable":true,"href":"https:\/\/rdnews.al\/index.php\/wp-json\/wp\/v2\/categories?post=135696"},{"taxonomy":"post_tag","embeddable":true,"href":"https:\/\/rdnews.al\/index.php\/wp-json\/wp\/v2\/tags?post=135696"}],"curies":[{"name":"wp","href":"https:\/\/api.w.org\/{rel}","templated":true}]}}