{"id":135699,"date":"2026-02-10T10:20:02","date_gmt":"2026-02-10T10:20:02","guid":{"rendered":"https:\/\/rdnews.al\/?p=135699"},"modified":"2026-02-10T10:20:02","modified_gmt":"2026-02-10T10:20:02","slug":"revolta-ka-kuptim-vetem-kur-shprehet-ne-rruge-masivisht","status":"publish","type":"post","link":"https:\/\/rdnews.al\/index.php\/2026\/02\/10\/revolta-ka-kuptim-vetem-kur-shprehet-ne-rruge-masivisht\/","title":{"rendered":"Revolta ka kuptim vet\u00ebm kur shprehet n\u00eb rrug\u00eb masivisht!"},"content":{"rendered":"<p><strong>Nga Nikola KEDHI<\/strong><\/p>\n<p>Varf\u00ebria n\u00eb Shqip\u00ebri ka arritur nivele t\u00eb krahasueshme me vendet m\u00eb t\u00eb varfra t\u00eb Afrik\u00ebs. Shqip\u00ebria po shpopullohet nga nj\u00eb agjend\u00eb e mir\u00ebfillt\u00eb. Procesi i integrimit po shkat\u00ebrrohet, teksa kryeministri mbron veten dhe z\u00ebvend\u00ebsen e tij t\u00eb pandehur dhe nd\u00ebrmerr nj\u00eb grusht shteti brenda vet\u00eb shtetit duke shp\u00ebrfillur vendimet e gjykatave.<br \/>\nSiguria komb\u00ebtare ka r\u00ebn\u00eb. Institucionet jan\u00eb dob\u00ebsuar. Nuk ka m\u00eb kontroll pushteti.<br \/>\nArsyet jan\u00eb t\u00eb shumta. Por nj\u00eb gj\u00eb \u00ebsht\u00eb e qart\u00eb: nuk ka asnj\u00eb vler\u00eb n\u00ebse revolt\u00ebn e shprehim n\u00eb kafene apo vet\u00ebm mes nj\u00ebri-tjetrit. Revolta ka kuptim vet\u00ebm kur shprehet n\u00eb rrug\u00eb. Kur shprehet masivisht.<br \/>\nKur shnd\u00ebrrohet n\u00eb z\u00eb qytetar, e nuk mbetet murmurim\u00eb private.<br \/>\nM\u00eb 24 janar ishim m\u00eb shum\u00eb se n\u00eb dhjetor. Sot duhet t\u00eb jemi edhe m\u00eb shum\u00eb.<br \/>\nDuhet t\u00eb japim mesazhin e qart\u00eb se shqiptar\u00ebt jan\u00eb ngritur, kan\u00eb vendosur t\u00eb marrin fatet e tyre n\u00eb dor\u00eb, dhe nuk do ta pranojn\u00eb m\u00eb rrug\u00ebn shkat\u00ebrrimtare ku i kan\u00eb futur.<br \/>\nMos hajde p\u00ebr nj\u00eb parti. Mos hajde p\u00ebr emra specifik\u00eb. Eja p\u00ebr Shqip\u00ebrin\u00eb, per veten e dinjitetin t\u00ebnd. Eja per f\u00ebmij\u00ebt e tu.<br \/>\nSot, ora 17:00, shihemi n\u00eb Bulevard.<\/p>\n","protected":false},"excerpt":{"rendered":"<p>Nga Nikola KEDHI Varf\u00ebria n\u00eb Shqip\u00ebri ka arritur nivele t\u00eb krahasueshme me vendet m\u00eb t\u00eb varfra t\u00eb Afrik\u00ebs. Shqip\u00ebria po shpopullohet nga nj\u00eb agjend\u00eb e mir\u00ebfillt\u00eb. Procesi i integrimit po shkat\u00ebrrohet, teksa kryeministri mbron veten dhe z\u00ebvend\u00ebsen e tij t\u00eb pandehur dhe nd\u00ebrmerr nj\u00eb grusht shteti brenda vet\u00eb shtetit duke shp\u00ebrfillur vendimet e gjykatave. Siguria &hellip;<\/p>\n","protected":false},"author":4,"featured_media":135700,"comment_status":"closed","ping_status":"closed","sticky":false,"template":"","format":"standard","meta":{"footnotes":""},"categories":[37],"tags":[],"class_list":["post-135699","post","type-post","status-publish","format-standard","has-post-thumbnail","","category-politike"],"_links":{"self":[{"href":"https:\/\/rdnews.al\/index.php\/wp-json\/wp\/v2\/posts\/135699","targetHints":{"allow":["GET"]}}],"collection":[{"href":"https:\/\/rdnews.al\/index.php\/wp-json\/wp\/v2\/posts"}],"about":[{"href":"https:\/\/rdnews.al\/index.php\/wp-json\/wp\/v2\/types\/post"}],"author":[{"embeddable":true,"href":"https:\/\/rdnews.al\/index.php\/wp-json\/wp\/v2\/users\/4"}],"replies":[{"embeddable":true,"href":"https:\/\/rdnews.al\/index.php\/wp-json\/wp\/v2\/comments?post=135699"}],"version-history":[{"count":1,"href":"https:\/\/rdnews.al\/index.php\/wp-json\/wp\/v2\/posts\/135699\/revisions"}],"predecessor-version":[{"id":135701,"href":"https:\/\/rdnews.al\/index.php\/wp-json\/wp\/v2\/posts\/135699\/revisions\/135701"}],"wp:featuredmedia":[{"embeddable":true,"href":"https:\/\/rdnews.al\/index.php\/wp-json\/wp\/v2\/media\/135700"}],"wp:attachment":[{"href":"https:\/\/rdnews.al\/index.php\/wp-json\/wp\/v2\/media?parent=135699"}],"wp:term":[{"taxonomy":"category","embeddable":true,"href":"https:\/\/rdnews.al\/index.php\/wp-json\/wp\/v2\/categories?post=135699"},{"taxonomy":"post_tag","embeddable":true,"href":"https:\/\/rdnews.al\/index.php\/wp-json\/wp\/v2\/tags?post=135699"}],"curies":[{"name":"wp","href":"https:\/\/api.w.org\/{rel}","templated":true}]}}