{"id":135702,"date":"2026-02-10T11:07:11","date_gmt":"2026-02-10T11:07:11","guid":{"rendered":"https:\/\/rdnews.al\/?p=135702"},"modified":"2026-02-10T11:07:11","modified_gmt":"2026-02-10T11:07:11","slug":"seanca-ne-gjykaten-kushtetuese-bardhi-mazhoranca-po-pergatit-ndryshime-per-te-fshehur-deshtimet","status":"publish","type":"post","link":"https:\/\/rdnews.al\/index.php\/2026\/02\/10\/seanca-ne-gjykaten-kushtetuese-bardhi-mazhoranca-po-pergatit-ndryshime-per-te-fshehur-deshtimet\/","title":{"rendered":"Seanca n\u00eb Gjykat\u00ebn Kushtetuese\/ Bardhi: Mazhoranca po p\u00ebrgatit ndryshime p\u00ebr t\u00eb fshehur d\u00ebshtimet!"},"content":{"rendered":"<p>Kreu i grupit parlamentar t\u00eb PD, Gazmend Bardhi, gjat\u00eb fjal\u00ebs s\u00eb tij n\u00eb seanc\u00ebn q\u00eb po zhvillohet n\u00eb Gjykat\u00ebn Kushtetuese lidhur me ndryshimet e nj\u00ebanshme t\u00eb Rregullores s\u00eb Kuvendit, u shpreh se mazhoranca ka pranuar se nxitimi p\u00ebr miratimin e rregulloreve t\u00eb reja ka sjell\u00eb \u00e7organizim t\u00eb plot\u00eb n\u00eb Kuvend, duke cenuar seriozisht funksionimin e tij.<\/p>\n<p>Bardhi akuzoi mazhoranc\u00ebn se, n\u00eb vend q\u00eb t\u00eb krijonte nj\u00eb organizim efikas t\u00eb pun\u00ebs parlamentare, ka shkaktuar nj\u00eb kaos t\u00eb duksh\u00ebm, duke i detyruar deputet\u00ebt t\u00eb kalojn\u00eb nga nj\u00eb komision n\u00eb tjetrin p\u00ebr shkak t\u00eb mbivendosjes s\u00eb mbledhjeve t\u00eb p\u00ebrbashk\u00ebta.<\/p>\n<p>&#8220;Pa diskutim, ne kemi opsionin ton\u00eb p\u00ebr struktur\u00ebn e Kuvendit. Nuk mund t\u00eb vendos\u00eb vet\u00ebm nj\u00ebra pal\u00eb se si do t\u00eb organizohet puna n\u00eb nj\u00eb organ kolegjial q\u00eb p\u00ebrfaq\u00ebson t\u00eb gjith\u00eb qytetar\u00ebt, si p\u00ebrmes mazhoranc\u00ebs, ashtu edhe p\u00ebrmes opozit\u00ebs. Pa asnj\u00eb dyshim, n\u00eb faz\u00ebn ku \u00ebsht\u00eb sot Shqip\u00ebria n\u00eb procesin e integrimit, ne mblidhemi \u00e7do jav\u00eb n\u00eb seanc\u00eb plenare, e nderuar, deri n\u00eb or\u00ebt e para t\u00eb m\u00ebngjesit, miratojm\u00eb 20-30 ligje, sepse na thuhet se po p\u00ebrafrojm\u00eb legjislacionin me direktivat e Bashkimit Europian.<\/p>\n<p>Komisionin q\u00eb kishte p\u00ebrgjegj\u00ebsi t\u00eb posa\u00e7me dhe funksionoi deri n\u00eb legjislatur\u00ebn e kaluar, n\u00eb k\u00ebt\u00eb legjislatur\u00eb e shkrim\u00eb, me nj\u00eb q\u00ebllim t\u00eb vet\u00ebm: p\u00ebr t\u00eb larguar opozit\u00ebn nga procesi i integrimit. Tradita parlamentare ka qen\u00eb q\u00eb procesin e integrimit e ka drejtuar opozita, dhe p\u00ebr ta fshir\u00eb opozit\u00ebn nga ky proces, komisionin q\u00eb ka m\u00eb shum\u00eb pun\u00eb e bashkojm\u00eb me nj\u00eb tjet\u00ebr. Nd\u00ebrkoh\u00eb, ndajm\u00eb kultur\u00ebn dhe turizmin, dhe at\u00eb q\u00eb ka m\u00eb pak pun\u00eb e ndajm\u00eb n\u00eb disa komisione.<\/p>\n<p>Kjo do t\u00eb mund t\u00eb justifikohej n\u00ebse do t\u00eb ishte nj\u00eb proces konsensual, i matur dhe jo i bazuar n\u00eb intrigat politike. T\u2019i heqim t\u00eb drejt\u00ebn opozit\u00ebs dhe ta marrim p\u00ebr vete k\u00ebt\u00eb proces \u00ebsht\u00eb nj\u00eb hap i gabuar.<\/p>\n<p>P\u00ebr sa i p\u00ebrket procesit t\u00eb integrimit, ka pasur nj\u00eb tradit\u00eb parlamentare q\u00eb ka p\u00ebrfshir\u00eb si K\u00ebshillin e Ministrave, ashtu edhe Kuvendin. Q\u00eb nga viti 2004, bazuar n\u00eb modelet e vendeve q\u00eb jan\u00eb an\u00ebtar\u00ebsuar n\u00eb BE, procesin n\u00eb ekzekutiv e drejton mazhoranca, nd\u00ebrsa n\u00eb legjislativ, opozita e drejton. Ky model ka funksionuar deri n\u00eb vitin 2025, duke dh\u00ebn\u00eb t\u00eb drejt\u00ebn opozit\u00ebs t\u00eb drejtoj\u00eb Komisionin p\u00ebr Integrimin dhe K\u00ebshillin Komb\u00ebtar t\u00eb Integrimit.<\/p>\n<p>P\u00ebr organizimin e pun\u00ebs s\u00eb deputet\u00ebve, ka pasur p\u00ebrplasje mes komisioneve, madje edhe brenda shumic\u00ebs. Komisioni i Ligjeve dhe Komisioni p\u00ebr Nismat Qytetare kan\u00eb p\u00ebrplasje se kush do t\u00eb raportoj\u00eb tek ata institucione t\u00eb drejt\u00ebsis\u00eb. Ky \u00e7organizim ka sjell\u00eb konfuzion dhe ka ndikuar n\u00eb efektivitetin e pun\u00ebs s\u00eb deputet\u00ebve, sidomos t\u00eb opozit\u00ebs. Ky \u00ebsht\u00eb nj\u00eb pasoj\u00eb e drejtp\u00ebrdrejt\u00eb e paqart\u00ebsis\u00eb q\u00eb ka krijuar rregullorja e re.<\/p>\n<p>Mazhoranca ka pranuar q\u00eb ky nxitim p\u00ebr miratimin e rregulloreve ka sjell\u00eb \u00e7organizim n\u00eb Kuvend dhe po p\u00ebrgatiten ndryshime p\u00ebr t\u00eb sqaruar k\u00ebto \u00e7\u00ebshtje. P\u00ebr m\u00eb tep\u00ebr, deputet\u00ebt e komisioneve kan\u00eb filluar t\u00eb quhen &#8220;deputet\u00eb sh\u00ebtit\u00ebs&#8221;, pasi kalonin nga nj\u00eb komision n\u00eb tjetrin p\u00ebr shkak t\u00eb mbledhjeve t\u00eb p\u00ebrbashk\u00ebta. Kjo ka sjell\u00eb nj\u00eb ndarje t\u00eb qart\u00eb midis organizimit t\u00eb pun\u00ebs dhe ka d\u00ebmtuar funksionimin e Kuvendit&#8221;, u shpreh Bardhi.<\/p>\n","protected":false},"excerpt":{"rendered":"<p>Kreu i grupit parlamentar t\u00eb PD, Gazmend Bardhi, gjat\u00eb fjal\u00ebs s\u00eb tij n\u00eb seanc\u00ebn q\u00eb po zhvillohet n\u00eb Gjykat\u00ebn Kushtetuese lidhur me ndryshimet e nj\u00ebanshme t\u00eb Rregullores s\u00eb Kuvendit, u shpreh se mazhoranca ka pranuar se nxitimi p\u00ebr miratimin e rregulloreve t\u00eb reja ka sjell\u00eb \u00e7organizim t\u00eb plot\u00eb n\u00eb Kuvend, duke cenuar seriozisht funksionimin e &hellip;<\/p>\n","protected":false},"author":4,"featured_media":116821,"comment_status":"closed","ping_status":"closed","sticky":false,"template":"","format":"standard","meta":{"footnotes":""},"categories":[37],"tags":[],"class_list":["post-135702","post","type-post","status-publish","format-standard","has-post-thumbnail","","category-politike"],"_links":{"self":[{"href":"https:\/\/rdnews.al\/index.php\/wp-json\/wp\/v2\/posts\/135702","targetHints":{"allow":["GET"]}}],"collection":[{"href":"https:\/\/rdnews.al\/index.php\/wp-json\/wp\/v2\/posts"}],"about":[{"href":"https:\/\/rdnews.al\/index.php\/wp-json\/wp\/v2\/types\/post"}],"author":[{"embeddable":true,"href":"https:\/\/rdnews.al\/index.php\/wp-json\/wp\/v2\/users\/4"}],"replies":[{"embeddable":true,"href":"https:\/\/rdnews.al\/index.php\/wp-json\/wp\/v2\/comments?post=135702"}],"version-history":[{"count":1,"href":"https:\/\/rdnews.al\/index.php\/wp-json\/wp\/v2\/posts\/135702\/revisions"}],"predecessor-version":[{"id":135703,"href":"https:\/\/rdnews.al\/index.php\/wp-json\/wp\/v2\/posts\/135702\/revisions\/135703"}],"wp:featuredmedia":[{"embeddable":true,"href":"https:\/\/rdnews.al\/index.php\/wp-json\/wp\/v2\/media\/116821"}],"wp:attachment":[{"href":"https:\/\/rdnews.al\/index.php\/wp-json\/wp\/v2\/media?parent=135702"}],"wp:term":[{"taxonomy":"category","embeddable":true,"href":"https:\/\/rdnews.al\/index.php\/wp-json\/wp\/v2\/categories?post=135702"},{"taxonomy":"post_tag","embeddable":true,"href":"https:\/\/rdnews.al\/index.php\/wp-json\/wp\/v2\/tags?post=135702"}],"curies":[{"name":"wp","href":"https:\/\/api.w.org\/{rel}","templated":true}]}}