{"id":135704,"date":"2026-02-10T11:11:22","date_gmt":"2026-02-10T11:11:22","guid":{"rendered":"https:\/\/rdnews.al\/?p=135704"},"modified":"2026-02-10T11:11:22","modified_gmt":"2026-02-10T11:11:22","slug":"berisha-te-gjithe-ne-oren-1700-ne-tirane-per-kryengritjen-paqesore","status":"publish","type":"post","link":"https:\/\/rdnews.al\/index.php\/2026\/02\/10\/berisha-te-gjithe-ne-oren-1700-ne-tirane-per-kryengritjen-paqesore\/","title":{"rendered":"Berisha: T\u00eb gjith\u00eb n\u00eb or\u00ebn 17:00 n\u00eb Tiran\u00eb p\u00ebr kryengritjen paq\u00ebsore!"},"content":{"rendered":"<p>Lideri i opozit\u00ebs, Sali Berisha ka \u00ebb\u00ebr\u00eb nj\u00eb tjet\u00ebr tirrje p\u00ebr pjesmarrije masive pak or\u00eb p\u00ebrpara protest\u00ebs komb\u00ebtare.<\/p>\n<p>\u201cT\u00eb gjith\u00eb n\u00eb ora 17:00, n\u00eb Tiran\u00eb, n\u00eb kryengritjen paq\u00ebsore, kryengritjen e fitores, kryengritjen e t\u00eb ardhmes, kryengritjen p\u00ebr Europ\u00ebn\u201d, shkruan Berisha.<\/p>\n<p>Kreu i opozit\u00ebs sjell disa momente nga fjala me tij n\u00eb foltoren e t\u00eb h\u00ebn\u00ebs para kryeministris\u00eb.<\/p>\n<p>\u201cU b\u00ebj thirrje forcave t\u00eb rendit, t\u00eb marrin vendimin historik, t\u00eb bashkohen me protestuesit. Bashkohuni me protestuesit, sepse bashkoheni me interesin e vendit tuaj, interesin e familjeve tuaja, me interesin tuaj, me t\u00eb ardhmen e Shqip\u00ebris\u00eb dhe shqiptar\u00ebve. U b\u00ebj thirrje, bashkohuni me protestuesit t\u00eb shporrim k\u00ebt\u00eb band\u00eb kusar\u00ebsh q\u00eb nuk ka pasur kurr\u00eb Shqip\u00ebria n\u00eb krye si sot. Bashkohuni me misionar\u00ebt e kombit q\u00eb do shp\u00ebtojn\u00eb kombin nga kjo rrokullisje&#8221;, thot\u00eb Berisha.<\/p>\n","protected":false},"excerpt":{"rendered":"<p>Lideri i opozit\u00ebs, Sali Berisha ka \u00ebb\u00ebr\u00eb nj\u00eb tjet\u00ebr tirrje p\u00ebr pjesmarrije masive pak or\u00eb p\u00ebrpara protest\u00ebs komb\u00ebtare. \u201cT\u00eb gjith\u00eb n\u00eb ora 17:00, n\u00eb Tiran\u00eb, n\u00eb kryengritjen paq\u00ebsore, kryengritjen e fitores, kryengritjen e t\u00eb ardhmes, kryengritjen p\u00ebr Europ\u00ebn\u201d, shkruan Berisha. Kreu i opozit\u00ebs sjell disa momente nga fjala me tij n\u00eb foltoren e t\u00eb h\u00ebn\u00ebs &hellip;<\/p>\n","protected":false},"author":4,"featured_media":134379,"comment_status":"closed","ping_status":"closed","sticky":false,"template":"","format":"standard","meta":{"footnotes":""},"categories":[37],"tags":[],"class_list":["post-135704","post","type-post","status-publish","format-standard","has-post-thumbnail","","category-politike"],"_links":{"self":[{"href":"https:\/\/rdnews.al\/index.php\/wp-json\/wp\/v2\/posts\/135704","targetHints":{"allow":["GET"]}}],"collection":[{"href":"https:\/\/rdnews.al\/index.php\/wp-json\/wp\/v2\/posts"}],"about":[{"href":"https:\/\/rdnews.al\/index.php\/wp-json\/wp\/v2\/types\/post"}],"author":[{"embeddable":true,"href":"https:\/\/rdnews.al\/index.php\/wp-json\/wp\/v2\/users\/4"}],"replies":[{"embeddable":true,"href":"https:\/\/rdnews.al\/index.php\/wp-json\/wp\/v2\/comments?post=135704"}],"version-history":[{"count":1,"href":"https:\/\/rdnews.al\/index.php\/wp-json\/wp\/v2\/posts\/135704\/revisions"}],"predecessor-version":[{"id":135705,"href":"https:\/\/rdnews.al\/index.php\/wp-json\/wp\/v2\/posts\/135704\/revisions\/135705"}],"wp:featuredmedia":[{"embeddable":true,"href":"https:\/\/rdnews.al\/index.php\/wp-json\/wp\/v2\/media\/134379"}],"wp:attachment":[{"href":"https:\/\/rdnews.al\/index.php\/wp-json\/wp\/v2\/media?parent=135704"}],"wp:term":[{"taxonomy":"category","embeddable":true,"href":"https:\/\/rdnews.al\/index.php\/wp-json\/wp\/v2\/categories?post=135704"},{"taxonomy":"post_tag","embeddable":true,"href":"https:\/\/rdnews.al\/index.php\/wp-json\/wp\/v2\/tags?post=135704"}],"curies":[{"name":"wp","href":"https:\/\/api.w.org\/{rel}","templated":true}]}}