{"id":135707,"date":"2026-02-10T11:57:27","date_gmt":"2026-02-10T11:57:27","guid":{"rendered":"https:\/\/rdnews.al\/?p=135707"},"modified":"2026-02-10T11:57:27","modified_gmt":"2026-02-10T11:57:27","slug":"shperthen-revolta-ndaj-kryebashkiakes-se-durresit-o-hajdute-o-kriminele","status":"publish","type":"post","link":"https:\/\/rdnews.al\/index.php\/2026\/02\/10\/shperthen-revolta-ndaj-kryebashkiakes-se-durresit-o-hajdute-o-kriminele\/","title":{"rendered":"Shp\u00ebrthen revolta ndaj kryebashkiakes s\u00eb Durr\u00ebsit: O hajdute, o kriminele!"},"content":{"rendered":"<p>Banor\u00ebt e Durr\u00ebsit jan\u00eb ngritur n\u00eb revolt\u00eb dit\u00ebn e sotme para bashkis\u00eb duke u p\u00ebrplasur me k\u00ebshilltar\u00ebt bashkiak\u00eb duke i ndaluar q\u00eb ata t\u00eb hyjn\u00eb n\u00eb godin\u00ebn e bashkis\u00eb p\u00ebr t\u00eb miratuar bonusin e qirave p\u00ebr familjet q\u00eb do u shemben banesat.<\/p>\n<p>Banor\u00ebt jan\u00eb lajm\u00ebruar t\u00eb largohen nga prona e tyre deri m\u00eb 16 shkurt pasi do t\u00eb nis\u00eb shembja. Banor\u00ebt protestojn\u00eb dhe i k\u00ebrkojn\u00eb kryetares s\u00eb bashkis\u00eb, Emirjana Sako t\u2019i takoj\u00eb.<\/p>\n<p>Nj\u00eb banore me megafon th\u00ebrret para bashkis\u00eb:<\/p>\n<p>\u2018O hajdute! O Kriminele! Do t\u00eb shemb\u00ebsh 300 sht\u00ebpi. N\u00ebse nuk del k\u00ebtu do na kesh tek sht\u00ebpia. Vure firm\u00ebn se i do Vangjush Dako, Balluku apo ai i gjati.<\/p>\n<p>N\u00eb godin\u00ebn e bashkis\u00eb ka nisur mbledhja e k\u00ebshillit bashkiak p\u00ebr t\u00eb miratuar pikat e rendit e dit\u00ebs, nj\u00eb nd\u00ebr t\u00eb cilat \u00ebsht\u00eb bonusi i qirave t\u00eb banor\u00ebve q\u00eb preken nga projekti TID dhe d\u00ebmshp\u00ebrblimi p\u00ebr banor\u00ebt q\u00eb preken nga projekti I unaz\u00ebs s\u00eb re, rruga \u2018Aleksand\u00ebr Boga\u2019 me zon\u00ebn e Currilave.<\/p>\n<p>Nga ky projekt pritet t\u00eb shemben banesa por dhe pallate.<\/p>\n<p>Banor\u00ebt e Durr\u00ebsit kan\u00eb hedhur dhe letra higjienike para bashkis\u00eb.<\/p>\n","protected":false},"excerpt":{"rendered":"<p>Banor\u00ebt e Durr\u00ebsit jan\u00eb ngritur n\u00eb revolt\u00eb dit\u00ebn e sotme para bashkis\u00eb duke u p\u00ebrplasur me k\u00ebshilltar\u00ebt bashkiak\u00eb duke i ndaluar q\u00eb ata t\u00eb hyjn\u00eb n\u00eb godin\u00ebn e bashkis\u00eb p\u00ebr t\u00eb miratuar bonusin e qirave p\u00ebr familjet q\u00eb do u shemben banesat. Banor\u00ebt jan\u00eb lajm\u00ebruar t\u00eb largohen nga prona e tyre deri m\u00eb 16 shkurt &hellip;<\/p>\n","protected":false},"author":4,"featured_media":135708,"comment_status":"closed","ping_status":"closed","sticky":false,"template":"","format":"standard","meta":{"footnotes":""},"categories":[37],"tags":[],"class_list":["post-135707","post","type-post","status-publish","format-standard","has-post-thumbnail","","category-politike"],"_links":{"self":[{"href":"https:\/\/rdnews.al\/index.php\/wp-json\/wp\/v2\/posts\/135707","targetHints":{"allow":["GET"]}}],"collection":[{"href":"https:\/\/rdnews.al\/index.php\/wp-json\/wp\/v2\/posts"}],"about":[{"href":"https:\/\/rdnews.al\/index.php\/wp-json\/wp\/v2\/types\/post"}],"author":[{"embeddable":true,"href":"https:\/\/rdnews.al\/index.php\/wp-json\/wp\/v2\/users\/4"}],"replies":[{"embeddable":true,"href":"https:\/\/rdnews.al\/index.php\/wp-json\/wp\/v2\/comments?post=135707"}],"version-history":[{"count":1,"href":"https:\/\/rdnews.al\/index.php\/wp-json\/wp\/v2\/posts\/135707\/revisions"}],"predecessor-version":[{"id":135709,"href":"https:\/\/rdnews.al\/index.php\/wp-json\/wp\/v2\/posts\/135707\/revisions\/135709"}],"wp:featuredmedia":[{"embeddable":true,"href":"https:\/\/rdnews.al\/index.php\/wp-json\/wp\/v2\/media\/135708"}],"wp:attachment":[{"href":"https:\/\/rdnews.al\/index.php\/wp-json\/wp\/v2\/media?parent=135707"}],"wp:term":[{"taxonomy":"category","embeddable":true,"href":"https:\/\/rdnews.al\/index.php\/wp-json\/wp\/v2\/categories?post=135707"},{"taxonomy":"post_tag","embeddable":true,"href":"https:\/\/rdnews.al\/index.php\/wp-json\/wp\/v2\/tags?post=135707"}],"curies":[{"name":"wp","href":"https:\/\/api.w.org\/{rel}","templated":true}]}}