{"id":135737,"date":"2026-02-10T17:24:30","date_gmt":"2026-02-10T17:24:30","guid":{"rendered":"https:\/\/rdnews.al\/?p=135737"},"modified":"2026-02-10T17:25:49","modified_gmt":"2026-02-10T17:25:49","slug":"alimehmeti-ky-vend-ka-vetem-nevoje-per-clirim-te-largohet-rilindja-dhe-edi-rama","status":"publish","type":"post","link":"https:\/\/rdnews.al\/index.php\/2026\/02\/10\/alimehmeti-ky-vend-ka-vetem-nevoje-per-clirim-te-largohet-rilindja-dhe-edi-rama\/","title":{"rendered":"Alimehmeti: Shkolla pa nx\u00ebn\u00ebs, spitale pa mjek\u00eb, familje t\u00eb shp\u00ebrb\u00ebra! Shpopullimi ka nj\u00eb em\u00ebr, Edi Rama!"},"content":{"rendered":"<p>An\u00ebtari i K\u00ebshillit Komb\u00ebtar t\u00eb PD, Ilir Alihemeti n\u00eb fjal\u00ebn e tij, ai denoncoi politikat e shpopullimit, abuzimin me pasurit\u00eb publike dhe shkat\u00ebrrimin e vlerave themelore t\u00eb shoq\u00ebris\u00eb shqiptare, duke vendosur p\u00ebrgjegj\u00ebsin\u00eb aty ku sipas tij i takon te Edi Rama dhe Rilindja.<\/p>\n<p>Alimehmeti tha se, ky vend nuk ka m\u00eb justifikime, ka vet\u00ebm nevoj\u00eb p\u00ebr \u00e7lirim!<\/p>\n<p><strong>Ilir Alihemeti:<\/strong>\u00a0Mir\u00ebmbr\u00ebma qendrestar\u00eb q\u00eb s&#8217;u dor\u00ebzuat kurr\u00eb. Mir\u00ebmbr\u00ebma dhe t\u00eb gjith\u00ebve ju q\u00eb me zem\u00ebr e me shpirt donit t\u00eb ishit k\u00ebtu po u d\u00ebbuat nga shteti juaj. U d\u00ebbuat nga shteti juaj nga krika e rilindjes me Edi Ram\u00ebn n\u00eb krye. \u00cbsht\u00eb fakt q\u00eb mbi 1.6 milion\u00eb shqiptar\u00eb sot jan\u00eb jasht\u00eb Shqip\u00ebris\u00eb. \u00cbsht\u00eb fakt q\u00eb nj\u00eb nd\u00ebr pes\u00eb shqiptar\u00eb q\u00eb sot \u00ebsht\u00eb n\u00eb Shqip\u00ebri po mendon t\u00eb largohet. Gjith\u00eb kjo p\u00ebr shkak t\u00eb politikave q\u00eb ndjek Edi Rama dhe Rilindja. Politika q\u00eb bazohen n\u00eb shpopullim dhe abuzim pasurive publike. Kujdes, k\u00ebto abuzime n\u00eb lek\u00eb, sado kolosale jan\u00eb, nuk jan\u00eb thjesht abuzime n\u00eb numra, por jan\u00eb abuzime q\u00eb \u00e7ojn\u00eb n\u00eb shkolla pa nx\u00ebn\u00ebs. Jan\u00eb abuzime q\u00eb \u00e7ojn\u00eb n\u00eb spitale pa mjek\u00eb e pa ila\u00e7e. Jan\u00eb abuzime q\u00eb \u00e7ojn\u00eb n\u00eb pronar\u00eb pa prona. Jan\u00eb abuzime q\u00eb \u00e7ojn\u00eb n\u00eb ekonomi pa t\u00eb ardhmen. E p\u00ebr t\u00eb gjitha k\u00ebto, p\u00ebr t\u00eb gjitha k\u00ebto ka nj\u00eb em\u00ebr, ka nj\u00eb p\u00ebrgjegj\u00ebsi dhe ky \u00ebsht\u00eb Edi Rama.<\/p>\n<p>Nj\u00eb or\u00eb e m\u00eb par\u00eb neve duhet t&#8217;i themi k\u00ebtij njeriu q\u00eb kishte pushtet absolut 13 vjet, q\u00eb sot nuk ka m\u00eb justifikime. Sot nuk ka m\u00eb fajtor\u00eb, nuk ka kush i ha m\u00eb dardha pas shpine. Kur ke t\u00eb gjith\u00eb pushtetin, ke dhe t\u00eb gjith\u00eb p\u00ebrgjegj\u00ebsin\u00eb. Dhe ne sot ne mund t\u00eb flasim p\u00ebr d\u00ebshtimin e qeveris\u00eb n\u00eb sh\u00ebndet\u00ebsi, mund t\u00eb flasim p\u00ebr d\u00ebshtimin e qeveris\u00eb n\u00eb arsim, mund t\u00eb flasim p\u00ebr d\u00ebshtimin e qeveris\u00eb n\u00eb siguri publike, n\u00eb siguri rrugore, n\u00eb siguri ushqimore. Mund t\u00eb flasim p\u00ebr d\u00ebshtimin e qeveris\u00eb n\u00eb luft\u00ebn kund\u00ebr korrupsionit, mund t\u00eb flasim p\u00ebr d\u00ebshtimin e qeveris\u00eb n\u00eb luft\u00ebn kund\u00ebr narkotrafikut. Por nuk ka akuz\u00eb m\u00eb t\u00eb madhe historike p\u00ebr nj\u00eb qeveri sesa populli kur ik\u00ebn. Kur populli t\u00eb largohet, kur populli shkon rrug\u00ebve t\u00eb bot\u00ebs, kjo \u00ebsht\u00eb akuza m\u00eb e madhe publike, shpopullimi i k\u00ebtij vendi.<\/p>\n<p>K\u00ebtu t\u00eb jemi t\u00eb gjith\u00eb t\u00eb qart\u00eb miq, nuk kemi ardhur rast\u00ebsisht. Kujtohemi pak ku ishim p\u00ebrpara e ku jemi sot. Un\u00eb kujtoj nj\u00eb vend, kujtoj nj\u00eb vend q\u00eb kishim dy fjal\u00eb, n\u00ebn\u00eb dhe baba. Sot kemi prindin nj\u00eb dhe prindin dy sipas asaj qeverie. Kujtoj un\u00eb nj\u00eb vend ku kishim dy gjini, mashkull dhe fem\u00ebr. Sot kemi dhjet\u00ebra e dhjet\u00ebra gjini q\u00eb na flet kjo qeveri. Kujtoj nj\u00eb vend ku ne kishim pronat tona, tokat tona, e sot ne kemi nj\u00eb qeveri q\u00eb flet p\u00ebr ish-pronar\u00eb. Kujtoj nj\u00eb vend ku neve nd\u00ebrtonim rrug\u00eb komb\u00ebtare t\u00eb sigurta, me r\u00ebnd\u00ebsi gjeostrategjike, e sot qeveria nd\u00ebrton e abuzon rrug\u00eb e tunele q\u00eb bien brenda vitit. Kujtoj nj\u00eb vend i cili hoqi vizat me vendet e Bashkimit Europian, u b\u00eb vend an\u00ebtar i NATO-s, e sot kemi nj\u00eb qeveri q\u00eb shp\u00ebrndan certifikata sigurie komb\u00ebtare bandave.<\/p>\n<p>Ky \u00ebsht\u00eb realiteti. Kjo ishte e paimagjinueshme. Po a imagjinoni juve ku ishim p\u00ebrpara? Absolutisht po, ne e kemi arritur k\u00ebt\u00eb p\u00ebrpara. Imagjinoni t&#8217;i rikthehemi vlerave, ta kthejm\u00eb Shqip\u00ebrin\u00eb n\u00eb vler\u00ebn e familjes, ta kthejm\u00eb Shqip\u00ebrin\u00eb n\u00eb vler\u00ebn e shoq\u00ebris\u00eb, ta kthejm\u00eb Shqip\u00ebrin\u00eb n\u00eb vler\u00ebn per\u00ebndimore europiane e t&#8217;i rikthejm\u00eb ato dhjet\u00ebra mij\u00ebra, qindra mij\u00ebra emigrant\u00eb e t\u00eb rinj q\u00eb ik\u00ebn, si\u00e7 kemi b\u00ebr\u00eb dhe m\u00eb p\u00ebrpara. Po kjo ndodh me nj\u00eb hallk\u00eb t\u00eb par\u00eb. N\u00eb radh\u00eb t\u00eb par\u00eb, duhet t\u00eb largohet Rilindja, Edi Rama. Ky vend k\u00ebtu duhet \u00e7liruar nj\u00eb or\u00eb e m\u00eb par\u00eb me \u00e7do p\u00ebrpjekje.<\/p>\n","protected":false},"excerpt":{"rendered":"<p>An\u00ebtari i K\u00ebshillit Komb\u00ebtar t\u00eb PD, Ilir Alihemeti n\u00eb fjal\u00ebn e tij, ai denoncoi politikat e shpopullimit, abuzimin me pasurit\u00eb publike dhe shkat\u00ebrrimin e vlerave themelore t\u00eb shoq\u00ebris\u00eb shqiptare, duke vendosur p\u00ebrgjegj\u00ebsin\u00eb aty ku sipas tij i takon te Edi Rama dhe Rilindja. Alimehmeti tha se, ky vend nuk ka m\u00eb justifikime, ka vet\u00ebm nevoj\u00eb &hellip;<\/p>\n","protected":false},"author":4,"featured_media":135738,"comment_status":"closed","ping_status":"closed","sticky":false,"template":"","format":"standard","meta":{"footnotes":""},"categories":[37],"tags":[],"class_list":["post-135737","post","type-post","status-publish","format-standard","has-post-thumbnail","","category-politike"],"_links":{"self":[{"href":"https:\/\/rdnews.al\/index.php\/wp-json\/wp\/v2\/posts\/135737","targetHints":{"allow":["GET"]}}],"collection":[{"href":"https:\/\/rdnews.al\/index.php\/wp-json\/wp\/v2\/posts"}],"about":[{"href":"https:\/\/rdnews.al\/index.php\/wp-json\/wp\/v2\/types\/post"}],"author":[{"embeddable":true,"href":"https:\/\/rdnews.al\/index.php\/wp-json\/wp\/v2\/users\/4"}],"replies":[{"embeddable":true,"href":"https:\/\/rdnews.al\/index.php\/wp-json\/wp\/v2\/comments?post=135737"}],"version-history":[{"count":2,"href":"https:\/\/rdnews.al\/index.php\/wp-json\/wp\/v2\/posts\/135737\/revisions"}],"predecessor-version":[{"id":135740,"href":"https:\/\/rdnews.al\/index.php\/wp-json\/wp\/v2\/posts\/135737\/revisions\/135740"}],"wp:featuredmedia":[{"embeddable":true,"href":"https:\/\/rdnews.al\/index.php\/wp-json\/wp\/v2\/media\/135738"}],"wp:attachment":[{"href":"https:\/\/rdnews.al\/index.php\/wp-json\/wp\/v2\/media?parent=135737"}],"wp:term":[{"taxonomy":"category","embeddable":true,"href":"https:\/\/rdnews.al\/index.php\/wp-json\/wp\/v2\/categories?post=135737"},{"taxonomy":"post_tag","embeddable":true,"href":"https:\/\/rdnews.al\/index.php\/wp-json\/wp\/v2\/tags?post=135737"}],"curies":[{"name":"wp","href":"https:\/\/api.w.org\/{rel}","templated":true}]}}