{"id":135741,"date":"2026-02-10T17:31:29","date_gmt":"2026-02-10T17:31:29","guid":{"rendered":"https:\/\/rdnews.al\/?p=135741"},"modified":"2026-02-10T17:31:44","modified_gmt":"2026-02-10T17:31:44","slug":"aulon-kalaja-cdo-e-keqe-buron-nga-tiranika-ardhur-koha-per-nje-zgjim-popullor","status":"publish","type":"post","link":"https:\/\/rdnews.al\/index.php\/2026\/02\/10\/aulon-kalaja-cdo-e-keqe-buron-nga-tiranika-ardhur-koha-per-nje-zgjim-popullor\/","title":{"rendered":"Aulon Kalaja: \u00c7do e keqe buron nga tirani, ka ardhur koha p\u00ebr nj\u00eb zgjim popullor!"},"content":{"rendered":"<p>Drejtuesi i Departamentit p\u00ebr Mbrojtjen e Familjes n\u00eb PD, Aulon Kalaja n\u00eb fjal\u00ebn e tij n\u00eb protest\u00ebn p\u00ebrpara Kryeministris\u00eb l\u00ebshoi akuza t\u00eb r\u00ebnda ndaj qeveris\u00eb, duke e cil\u00ebsuar at\u00eb si nj\u00eb \u201cmafia\u201d dhe sundimin aktual si \u201ctirani\u201d.<\/p>\n<p>Me tone t\u00eb forta, Kalaja b\u00ebri thirrje p\u00ebr nj\u00eb zgjim popullor, duke theksuar se ka ardhur koha q\u00eb \u201ckombi i deleve\u201d t\u00eb kthehet n\u00eb \u201cujq\u00ebr\u201d.<\/p>\n<p><strong>Aulon Kalaja:<\/strong>\u00a0Nj\u00eb patriot duhet t\u00eb jet\u00eb p\u00ebrher\u00eb i gatsh\u00ebm t\u00eb mbroj\u00eb shtetin e tij nga qeveria e tij. Shteti \u00ebsht\u00eb i p\u00ebrhersh\u00ebm, qeveria \u00ebsht\u00eb e p\u00ebrkohshme. \u00c7do e keqe buron nga tirani. Tirania \u00ebsht\u00eb sundimi i pakic\u00ebs mbi shumic\u00ebn dhe askush nuk e ka ushtruar me drejt\u00ebsi pushtetin e fituar me posht\u00ebrsi. Kombi i deleve prodhoi qeverin\u00eb e ujq\u00ebrve, ne u b\u00ebm\u00eb dele dhe k\u00ebta u b\u00ebn\u00eb ujq\u00ebr. Por p\u00ebr nj\u00eb popull q\u00eb fle, mbi t\u00eb zgjohen tiran\u00ebt. Ndaj t\u00eb zgjohemi dhe mos t\u00eb k\u00ebrkojm\u00eb vet\u00ebm nga Zoti dhe nd\u00ebrkomb\u00ebtar\u00ebt.<\/p>\n<p>Zoti nuk do ta ndryshoj\u00eb kurr\u00eb gjendjen e nj\u00eb populli n\u00ebse ai nuk p\u00ebrpiqet t\u00eb ndryshoj\u00eb gjendjen e tij. Dhe t\u00eb huajt nuk do t\u00eb na presin n\u00eb rast se ne nuk jemi dalzot\u00ebsh t\u00eb vendit dhe armikut t&#8217;i japim dat\u00eb. Sepse \u00e7do komb \u00e7lirohet me p\u00ebrpjekjet e veta, prandaj fati i popullit tim \u00ebsht\u00eb fati im. Kujdes, fati i buz\u00ebqesh vet\u00ebm guximtar\u00ebve dhe kurr\u00eb nuk \u00ebsht\u00eb arritur ndonj\u00eb gj\u00eb e madhe pa p\u00ebrpjekje t\u00eb m\u00ebdhaja. Skll\u00ebverit e lumtur jan\u00eb armiqt\u00eb m\u00eb t\u00eb m\u00ebdhenj t\u00eb liris\u00eb. P\u00ebr zogjt\u00eb e rritur n\u00eb kafaz, fluturimi \u00ebsht\u00eb s\u00ebmundje.<\/p>\n<p>Prandaj, nj\u00eb thirrje e kam edhe p\u00ebr ty o mercenar, q\u00eb p\u00ebrshtyn g\u00ebnjeshtra e propagand\u00eb p\u00ebr nat\u00eb n\u00ebp\u00ebr ekrane televizive. Shpirtin me buk\u00eb mbaje, por mos e b\u00ebj leck\u00eb dinjitetin e atdheut. Sepse ne nuk po vuajm\u00eb vet\u00ebm nga dhuna e Ram\u00ebs, por ne po vuajm\u00eb edhe nga heshtja e t\u00eb mir\u00ebve. Prandaj, m\u00eb mir\u00eb zbathur sesa k\u00ebmb\u00ebt n\u00eb nj\u00eb k\u00ebpuc\u00eb. Shqip\u00ebria \u00ebsht\u00eb nj\u00eb vend aq i korruptuar, saq\u00eb t\u00eb quaj njeri t\u00eb mir\u00eb vet\u00ebm duke mos b\u00ebr\u00eb keq. Prandaj mos u mbyt nga e keqja, por ta mbysim t\u00eb keqen me t\u00eb mir\u00eb. Dhe mos vdis para se t\u00eb t\u00eb prek\u00eb plumbi. \u00c7do pushtet q\u00eb shkel ligjin nuk quhet qeveri, por quhet mafia. N\u00eb nj\u00eb ekip mafioz nuk ka dashuri, por q\u00ebllime t\u00eb p\u00ebrbashk\u00ebta.<\/p>\n<p>Historia na ka m\u00ebsuar se mafia i zgjidh problemet me vrasje. Do ta shohim. Rama apo Balluku? Nuk di se k\u00eb t\u00eb zgjedh\u00ebsh n\u00eb shport\u00ebn me kumbulla dhe dardh\u00eb t\u00eb kalbura. T\u00eb zgjedh\u00ebsh djalin apo vajz\u00ebn q\u00eb tradhtuan atdheun dhe si deshi as n\u00ebna e vet. Ruajuni asaj dite kur prijesi i nj\u00eb vendi t\u00eb jet\u00eb m\u00eb i prishuri e m\u00eb i mjeruari n\u00eb mesin e njer\u00ebzve me autoritet. Prandaj do ngrihemi derisa delet t\u00eb b\u00ebhen ujq\u00ebr. Prandaj jemi mbushur me zem\u00ebrimin e t\u00eb madhit Zot, sepse nuk po durojm\u00eb m\u00eb. Zoti qoft\u00eb me ne.<\/p>\n","protected":false},"excerpt":{"rendered":"<p>Drejtuesi i Departamentit p\u00ebr Mbrojtjen e Familjes n\u00eb PD, Aulon Kalaja n\u00eb fjal\u00ebn e tij n\u00eb protest\u00ebn p\u00ebrpara Kryeministris\u00eb l\u00ebshoi akuza t\u00eb r\u00ebnda ndaj qeveris\u00eb, duke e cil\u00ebsuar at\u00eb si nj\u00eb \u201cmafia\u201d dhe sundimin aktual si \u201ctirani\u201d. Me tone t\u00eb forta, Kalaja b\u00ebri thirrje p\u00ebr nj\u00eb zgjim popullor, duke theksuar se ka ardhur koha q\u00eb &hellip;<\/p>\n","protected":false},"author":4,"featured_media":135742,"comment_status":"closed","ping_status":"closed","sticky":false,"template":"","format":"standard","meta":{"footnotes":""},"categories":[37],"tags":[],"class_list":["post-135741","post","type-post","status-publish","format-standard","has-post-thumbnail","","category-politike"],"_links":{"self":[{"href":"https:\/\/rdnews.al\/index.php\/wp-json\/wp\/v2\/posts\/135741","targetHints":{"allow":["GET"]}}],"collection":[{"href":"https:\/\/rdnews.al\/index.php\/wp-json\/wp\/v2\/posts"}],"about":[{"href":"https:\/\/rdnews.al\/index.php\/wp-json\/wp\/v2\/types\/post"}],"author":[{"embeddable":true,"href":"https:\/\/rdnews.al\/index.php\/wp-json\/wp\/v2\/users\/4"}],"replies":[{"embeddable":true,"href":"https:\/\/rdnews.al\/index.php\/wp-json\/wp\/v2\/comments?post=135741"}],"version-history":[{"count":2,"href":"https:\/\/rdnews.al\/index.php\/wp-json\/wp\/v2\/posts\/135741\/revisions"}],"predecessor-version":[{"id":135744,"href":"https:\/\/rdnews.al\/index.php\/wp-json\/wp\/v2\/posts\/135741\/revisions\/135744"}],"wp:featuredmedia":[{"embeddable":true,"href":"https:\/\/rdnews.al\/index.php\/wp-json\/wp\/v2\/media\/135742"}],"wp:attachment":[{"href":"https:\/\/rdnews.al\/index.php\/wp-json\/wp\/v2\/media?parent=135741"}],"wp:term":[{"taxonomy":"category","embeddable":true,"href":"https:\/\/rdnews.al\/index.php\/wp-json\/wp\/v2\/categories?post=135741"},{"taxonomy":"post_tag","embeddable":true,"href":"https:\/\/rdnews.al\/index.php\/wp-json\/wp\/v2\/tags?post=135741"}],"curies":[{"name":"wp","href":"https:\/\/api.w.org\/{rel}","templated":true}]}}