{"id":135753,"date":"2026-02-10T17:52:50","date_gmt":"2026-02-10T17:52:50","guid":{"rendered":"https:\/\/rdnews.al\/?p=135753"},"modified":"2026-02-10T17:52:50","modified_gmt":"2026-02-10T17:52:50","slug":"berisha-revolta-juaj-parandaloi-grushtin-e-pare-te-shtetit-edhe-grushti-i-dyte-do-te-deshtoje","status":"publish","type":"post","link":"https:\/\/rdnews.al\/index.php\/2026\/02\/10\/berisha-revolta-juaj-parandaloi-grushtin-e-pare-te-shtetit-edhe-grushti-i-dyte-do-te-deshtoje\/","title":{"rendered":"Berisha: Revolta juaj parandaloi grushtin e par\u00eb t\u00eb shtetit, edhe grushti i dyt\u00eb do t\u00eb d\u00ebshtoj\u00eb!"},"content":{"rendered":"<p>Kryetari i PD, Sali Berisha gjat\u00eb fjal\u00ebs s\u00eb mbajtur n\u00eb protest\u00ebn komb\u00ebtare fal\u00ebnderoi shqiptar\u00ebt pasi sipas tij, revolta e tyre parandaloi grushtin e par\u00eb t\u00eb shtetit.<\/p>\n<p>Ai theksoi se, edhe grushti i dyt\u00eb i shtetit do t\u00eb d\u00ebshtoj\u00eb, pik\u00ebrisht nga revolta e pap\u00ebrmbajtur e shqiptar\u00ebve ndaj Edi Ram\u00ebs dhe narkoqeveris\u00eb s\u00eb tij.<\/p>\n<p><strong>Berisha: <\/strong>Dhe p\u00ebr k\u00ebt\u00eb, keni fal\u00ebnderimet dhe mir\u00ebnjohjen time m\u00eb t\u00eb thell\u00eb.<\/p>\n<p>Revolta juaj n\u00eb protest\u00ebn e kaluar dha nj\u00eb sinjal t\u00eb qart\u00eb brenda dhe jasht\u00eb vendit se ne nuk do t\u00eb tolerojm\u00eb kurr\u00eb grushtin e shtetit p\u00ebr t\u00eb mbrojtur vjedhjet e Edi Ram\u00ebs dhe Lubis\u00eb s\u00eb tij.<\/p>\n<p>Dhe ja ku jemi k\u00ebtu, p\u00ebrcilljani atij hajduti dhe mos e mbroni at\u00eb.<\/p>\n<p>Ja ku jemi k\u00ebtu Edi Rama, edhe grushtin e dyt\u00eb q\u00eb po p\u00ebrgatit, do t\u00eb d\u00ebshtoj\u00eb.<\/p>\n<p>Dhe, shkurti \u00ebsht\u00eb muaji kur ne zvarrit\u00ebm diktatorin, shkurti \u00ebsht\u00eb muaji kur ne do \u00e7lirojm\u00eb Shqip\u00ebrin\u00eb.<\/p>\n<p>Po t\u00eb mos ishit ju, vigan\u00eb, q\u00eb me guximin tuaj mor\u00ebt n\u00eb dor\u00eb gazin dhe helmin dhe ua flak\u00ebt mbrapsht hajdut\u00ebve, po t\u00eb mos ishte juaj q\u00eb me revolt\u00ebn tuaj shp\u00ebtuat nderin dhe dinjitetin e \u00e7do shqiptari, po t\u00eb mos ishit ju q\u00eb me trim\u00ebrin\u00eb tuaj u b\u00ebt\u00eb lajm kryesor n\u00eb Europ\u00eb dhe n\u00eb bot\u00eb, po t\u00eb mos ishit ju q\u00eb rezistuat p\u00ebrball\u00ebt helmit t\u00eb skaduar dhe u p\u00ebrball\u00ebt dh\u00ebmb p\u00ebr dh\u00ebmb me regjimin, absolutisht Edi Rama do ia kishte dal\u00eb me grushtin e shtetit.<\/p>\n<p>Por ky grusht shteti d\u00ebshtoi sepse si\u00e7 e pat\u00eb, e denoncuam at\u00eb edhe n\u00eb kancelarit\u00eb m\u00eb t\u00eb larta t\u00eb Europ\u00ebs, kur puthador\u00ebt e regjimit shp\u00ebrndanin lajmet e rreme se gjasme Berish\u00ebs iu nd\u00ebrpre fjala n\u00eb Strasburg.<\/p>\n<p>N\u00eb fakt, un\u00eb po b\u00ebja detyr\u00ebn time para jush, po denoncoja me forc\u00ebn m\u00eb t\u00eb madhe n\u00eb aul\u00ebn e demokracis\u00eb evropiane, Edi Ram\u00ebn si kryehajduti i kombit shqiptar, Ramaduron si nd\u00ebrtuesin e narkoshtetit t\u00eb par\u00eb dhe t\u00eb vet\u00ebm n\u00eb Europ\u00eb.<\/p>\n<p>Kjo pra, miqt\u00eb e mi, \u00ebsht\u00eb opozita e v\u00ebrtet\u00eb.<\/p>\n<p>Revolta juaj \u00ebsht\u00eb sot z\u00ebri i nd\u00ebrgjegjes qytetare, z\u00ebri i dinjitetit qytetar, z\u00ebri i nd\u00ebrgjegjes komb\u00ebtare, z\u00ebri i dinjitetit komb\u00ebtar.<\/p>\n<p>Zoti u bekoft\u00eb ju, familjet tuaja dhe shqiptar\u00ebt kudo q\u00eb jan\u00eb.<\/p>\n<p>Miq, mund t\u00eb thon\u00eb shum\u00eb gj\u00ebra kund\u00ebr nesh.<\/p>\n<p>Mund t\u00eb na sulmojn\u00eb dit\u00eb e nat\u00eb me banalist\u00eb dhe televizionet e qeveris\u00eb. Por e v\u00ebrteta \u00ebsht\u00eb se ne, opozita e v\u00ebrtet\u00eb, me revolt\u00ebn ton\u00eb, parandaluam grushtin e shtetit m\u00eb t\u00eb rreziksh\u00ebm n\u00eb historin\u00eb e Shqip\u00ebris\u00eb.<\/p>\n<p>Mir\u00ebpo, fituam nj\u00eb betej\u00eb. Fituam nj\u00eb betej\u00eb shum\u00eb t\u00eb r\u00ebnd\u00ebsishme, por nuk kemi fituar ende luft\u00ebn.<\/p>\n<p>Edi Rama, si\u00e7 e pat\u00eb, i ka shpallur luft\u00eb drejt\u00ebsis\u00eb, ai deklaroi se n\u00eb faz\u00ebn tjet\u00ebr t\u00eb grushtit t\u00eb shtetit, nuk do p\u00ebrfill\u00eb vendimin e Gjykat\u00ebs Kushtetuese.<\/p>\n<p>Dhe, n\u00ebse ne duam t\u00eb \u00e7ojm\u00eb n\u00eb fund k\u00ebt\u00eb betej\u00eb, n\u00ebse ne duam v\u00ebrtet t\u00eb shp\u00ebtojm\u00eb Shqip\u00ebrin\u00eb, ka ardhur koha q\u00eb Edi Ram\u00ebn q\u00eb tentoi grushtin e shtetit dhe deklaron se nuk heq dor\u00eb nga grushti i shtetit, ta shpallim armikun jo vet\u00ebm m\u00eb t\u00eb pam\u00ebshir\u00eb, por edhe m\u00eb t\u00eb rreziksh\u00ebm p\u00ebr shqiptar\u00ebt dhe Shqip\u00ebrin\u00eb.<\/p>\n<p>Edi Rama \u00ebsht\u00eb armiku m\u00eb i rreziksh\u00ebm i Shqip\u00ebris\u00eb jo vet\u00ebm prej ngjarjeve t\u00eb fundit.<\/p>\n<p>\u00c7do shif\u00ebr, \u00e7do zhvillim i k\u00ebtyre 13 viteve flet p\u00ebr nj\u00eb rr\u00ebnim t\u00eb Shqip\u00ebris\u00eb, me autor kryesor Edvin Ram\u00ebn, Pashiqin shqipfol\u00ebs p\u00ebr shqiptar\u00ebt.<\/p>\n","protected":false},"excerpt":{"rendered":"<p>Kryetari i PD, Sali Berisha gjat\u00eb fjal\u00ebs s\u00eb mbajtur n\u00eb protest\u00ebn komb\u00ebtare fal\u00ebnderoi shqiptar\u00ebt pasi sipas tij, revolta e tyre parandaloi grushtin e par\u00eb t\u00eb shtetit. Ai theksoi se, edhe grushti i dyt\u00eb i shtetit do t\u00eb d\u00ebshtoj\u00eb, pik\u00ebrisht nga revolta e pap\u00ebrmbajtur e shqiptar\u00ebve ndaj Edi Ram\u00ebs dhe narkoqeveris\u00eb s\u00eb tij. Berisha: Dhe p\u00ebr &hellip;<\/p>\n","protected":false},"author":4,"featured_media":135754,"comment_status":"closed","ping_status":"closed","sticky":false,"template":"","format":"standard","meta":{"footnotes":""},"categories":[37],"tags":[],"class_list":["post-135753","post","type-post","status-publish","format-standard","has-post-thumbnail","","category-politike"],"_links":{"self":[{"href":"https:\/\/rdnews.al\/index.php\/wp-json\/wp\/v2\/posts\/135753","targetHints":{"allow":["GET"]}}],"collection":[{"href":"https:\/\/rdnews.al\/index.php\/wp-json\/wp\/v2\/posts"}],"about":[{"href":"https:\/\/rdnews.al\/index.php\/wp-json\/wp\/v2\/types\/post"}],"author":[{"embeddable":true,"href":"https:\/\/rdnews.al\/index.php\/wp-json\/wp\/v2\/users\/4"}],"replies":[{"embeddable":true,"href":"https:\/\/rdnews.al\/index.php\/wp-json\/wp\/v2\/comments?post=135753"}],"version-history":[{"count":1,"href":"https:\/\/rdnews.al\/index.php\/wp-json\/wp\/v2\/posts\/135753\/revisions"}],"predecessor-version":[{"id":135755,"href":"https:\/\/rdnews.al\/index.php\/wp-json\/wp\/v2\/posts\/135753\/revisions\/135755"}],"wp:featuredmedia":[{"embeddable":true,"href":"https:\/\/rdnews.al\/index.php\/wp-json\/wp\/v2\/media\/135754"}],"wp:attachment":[{"href":"https:\/\/rdnews.al\/index.php\/wp-json\/wp\/v2\/media?parent=135753"}],"wp:term":[{"taxonomy":"category","embeddable":true,"href":"https:\/\/rdnews.al\/index.php\/wp-json\/wp\/v2\/categories?post=135753"},{"taxonomy":"post_tag","embeddable":true,"href":"https:\/\/rdnews.al\/index.php\/wp-json\/wp\/v2\/tags?post=135753"}],"curies":[{"name":"wp","href":"https:\/\/api.w.org\/{rel}","templated":true}]}}