{"id":135783,"date":"2026-02-10T18:48:44","date_gmt":"2026-02-10T18:48:44","guid":{"rendered":"https:\/\/rdnews.al\/?p=135783"},"modified":"2026-02-10T18:49:56","modified_gmt":"2026-02-10T18:49:56","slug":"shperthen-revolta-te-parlamenti-protestuesit-perplasen-me-policine","status":"publish","type":"post","link":"https:\/\/rdnews.al\/index.php\/2026\/02\/10\/shperthen-revolta-te-parlamenti-protestuesit-perplasen-me-policine\/","title":{"rendered":"Shp\u00ebrthen revolta te Parlamenti, protestuesit p\u00ebrplasen me policin\u00eb"},"content":{"rendered":"<p>Protesta e opozit\u00ebs \u00ebsht\u00eb zhvendosur nga Kryeministria te Parlamenti, ku ka tension dhe p\u00ebrplasje mes protestuesve dhe kordonit policor.<\/p>\n<p>Pprotestuesit po tentojn\u00eb t\u00eb \u00e7ajn\u00eb kordonin policor, nd\u00ebrkoh\u00eb q\u00eb po zmbrapsen nga uniformat blu.<\/p>\n<p>Gjithashtu protestuesit n\u00eb shenj\u00eb revolte i kan\u00eb v\u00ebn\u00eb flak\u00ebn edhe nj\u00eb koshi mbeturinash q\u00eb ndodhej an\u00ebs rrug\u00ebs.<\/p>\n<p>M\u00eb her\u00ebt u sh\u00ebnuan tensione edhe para Kryeministris\u00eb, ku policia p\u00ebrdori makina me uj\u00eb p\u00ebr t\u00eb shp\u00ebrndar\u00eb turm\u00ebn, q\u00eb hoqi barrier\u00ebn metalike, nd\u00ebrsa si pasoj\u00eb e p\u00ebrplasjeve ka mbetur i plagosur nj\u00eb polic dhe nj\u00eb qytetar.<\/p>\n<p><img decoding=\"async\" src=\"https:\/\/boldnews.al\/wp-content\/uploads\/2026\/02\/kkk-640x361.jpg\" \/><\/p>\n<p><img loading=\"lazy\" decoding=\"async\" class=\"\" src=\"https:\/\/boldnews.al\/wp-content\/uploads\/2026\/02\/WhatsApp-Image-2026-02-10-at-19.07.33-750x500.jpeg\" width=\"641\" height=\"428\" \/><\/p>\n","protected":false},"excerpt":{"rendered":"<p>Protesta e opozit\u00ebs \u00ebsht\u00eb zhvendosur nga Kryeministria te Parlamenti, ku ka tension dhe p\u00ebrplasje mes protestuesve dhe kordonit policor. Pprotestuesit po tentojn\u00eb t\u00eb \u00e7ajn\u00eb kordonin policor, nd\u00ebrkoh\u00eb q\u00eb po zmbrapsen nga uniformat blu. Gjithashtu protestuesit n\u00eb shenj\u00eb revolte i kan\u00eb v\u00ebn\u00eb flak\u00ebn edhe nj\u00eb koshi mbeturinash q\u00eb ndodhej an\u00ebs rrug\u00ebs. M\u00eb her\u00ebt u sh\u00ebnuan tensione &hellip;<\/p>\n","protected":false},"author":4,"featured_media":135784,"comment_status":"closed","ping_status":"closed","sticky":false,"template":"","format":"standard","meta":{"footnotes":""},"categories":[37],"tags":[],"class_list":["post-135783","post","type-post","status-publish","format-standard","has-post-thumbnail","","category-politike"],"_links":{"self":[{"href":"https:\/\/rdnews.al\/index.php\/wp-json\/wp\/v2\/posts\/135783","targetHints":{"allow":["GET"]}}],"collection":[{"href":"https:\/\/rdnews.al\/index.php\/wp-json\/wp\/v2\/posts"}],"about":[{"href":"https:\/\/rdnews.al\/index.php\/wp-json\/wp\/v2\/types\/post"}],"author":[{"embeddable":true,"href":"https:\/\/rdnews.al\/index.php\/wp-json\/wp\/v2\/users\/4"}],"replies":[{"embeddable":true,"href":"https:\/\/rdnews.al\/index.php\/wp-json\/wp\/v2\/comments?post=135783"}],"version-history":[{"count":3,"href":"https:\/\/rdnews.al\/index.php\/wp-json\/wp\/v2\/posts\/135783\/revisions"}],"predecessor-version":[{"id":135787,"href":"https:\/\/rdnews.al\/index.php\/wp-json\/wp\/v2\/posts\/135783\/revisions\/135787"}],"wp:featuredmedia":[{"embeddable":true,"href":"https:\/\/rdnews.al\/index.php\/wp-json\/wp\/v2\/media\/135784"}],"wp:attachment":[{"href":"https:\/\/rdnews.al\/index.php\/wp-json\/wp\/v2\/media?parent=135783"}],"wp:term":[{"taxonomy":"category","embeddable":true,"href":"https:\/\/rdnews.al\/index.php\/wp-json\/wp\/v2\/categories?post=135783"},{"taxonomy":"post_tag","embeddable":true,"href":"https:\/\/rdnews.al\/index.php\/wp-json\/wp\/v2\/tags?post=135783"}],"curies":[{"name":"wp","href":"https:\/\/api.w.org\/{rel}","templated":true}]}}