{"id":135797,"date":"2026-02-10T20:03:39","date_gmt":"2026-02-10T20:03:39","guid":{"rendered":"https:\/\/rdnews.al\/?p=135797"},"modified":"2026-02-10T20:03:48","modified_gmt":"2026-02-10T20:03:48","slug":"washington-post-per-revolten-ne-shqiperi-mijera-ne-protesta-kunder-korrupsionit-te-rames","status":"publish","type":"post","link":"https:\/\/rdnews.al\/index.php\/2026\/02\/10\/washington-post-per-revolten-ne-shqiperi-mijera-ne-protesta-kunder-korrupsionit-te-rames\/","title":{"rendered":"Washington Post p\u00ebr revolt\u00ebn n\u00eb Shqip\u00ebri\/ &#8220;Mij\u00ebra n\u00eb protesta kund\u00ebr korrupsionit t\u00eb Ram\u00ebs&#8230;&#8221;"},"content":{"rendered":"<p><strong>&#8220;Washington Post&#8221;<\/strong><\/p>\n<p>Policia q\u00eblloi me gaz lotsjell\u00ebs dhe topa uji ndaj protestuesve q\u00eb hidhnin kokteje Molotov dhe fishekzjarr\u00eb gjat\u00eb nj\u00eb demonstrate t\u00eb mart\u00ebn n\u00eb mbr\u00ebmje n\u00eb qend\u00ebr t\u00eb Tiran\u00ebs nga mij\u00ebra mb\u00ebshtet\u00ebs t\u00eb opozit\u00ebs q\u00eb k\u00ebrkonin dor\u00ebheqjen e qeveris\u00eb s\u00eb Shqip\u00ebris\u00eb.<\/p>\n<p>Qeveria e kryeministrit Edi Rama \u00ebsht\u00eb kritikuar p\u00ebr akuzat p\u00ebr korrupsion q\u00eb p\u00ebrfshijn\u00eb z\u00ebvend\u00ebskryeministren Belinda Balluku, por Rama i ka rezistuar thirrjeve p\u00ebr ta shkarkuar at\u00eb. Ka pasur k\u00ebrkesa n\u00eb rritje q\u00eb ligjv\u00ebn\u00ebsit t&#8217;i heqin imunitetin Ballukut nga ndjekja penale, gj\u00eb q\u00eb mund t\u00eb b\u00ebhet vet\u00ebm me nj\u00eb votim parlamentar.<\/p>\n<p>Prokuror\u00ebt antikorrupsion kan\u00eb akuzuar Ballukun, e cila \u00ebsht\u00eb gjithashtu ministre e energjis\u00eb dhe infrastruktur\u00ebs, p\u00ebr nd\u00ebrhyrje n\u00eb prokurimin publik p\u00ebr projekte nd\u00ebrtimi p\u00ebr t\u00eb favorizuar kompani t\u00eb caktuara dhe kan\u00eb b\u00ebr\u00eb thirrje p\u00ebr heqjen e imunitetit t\u00eb saj.<\/p>\n<p>N\u00eb protest\u00ebn e s\u00eb mart\u00ebs n\u00eb mbr\u00ebmje n\u00eb kryeqytetin shqiptar mor\u00ebn pjes\u00eb mij\u00ebra njer\u00ebz. Ishte demonstrata e tret\u00eb e till\u00eb n\u00eb muajt e fundit q\u00eb k\u00ebrkonte dor\u00ebheqjen e Ram\u00ebs. M\u00eb shum\u00eb se 1,300 oficer\u00eb policie ishin vendosur p\u00ebr t\u00eb siguruar sigurin\u00eb. Protestat e m\u00ebparshme u b\u00ebn\u00eb gjithashtu t\u00eb dhunshme, me demonstruesit q\u00eb hodh\u00ebn kokteje Molotov dhe gur\u00eb drejt policis\u00eb dhe nj\u00eb nd\u00ebrtese qeveritare, dhe me autoritetet q\u00eb u p\u00ebrgjigj\u00ebn me gaz lotsjell\u00ebs dhe topa uji.<\/p>\n<p>Kreu i Partis\u00eb Demokratike t\u00eb opozit\u00ebs, Sali Berisha, nj\u00eb ish-kryeminist\u00ebr i cili \u00ebsht\u00eb p\u00ebrballur edhe vet\u00eb me akuza p\u00ebr korrupsion, e p\u00ebrshkroi protest\u00ebn si nj\u00eb &#8220;kryengritje paq\u00ebsore&#8221; n\u00eb nj\u00eb moment kritik p\u00ebr Shqip\u00ebrin\u00eb. Duke folur n\u00eb protest\u00eb, ai akuzoi Ram\u00ebn se &#8220;i ka shpallur luft\u00eb sistemit t\u00eb drejt\u00ebsis\u00eb&#8221;.<\/p>\n<p>Analisti politik Mentor Kikia tha se nuk ka gjasa q\u00eb ndonj\u00eb ndryshim i madh t\u00eb rezultoj\u00eb nga protestat. &#8220;Qytetar\u00ebt jan\u00eb mosbesues, pasi kan\u00eb votuar vazhdimisht p\u00ebr t\u00eb keqen m\u00eb t\u00eb vog\u00ebl p\u00ebr t\u00eb larguar t\u00eb keqen m\u00eb t\u00eb madhe nga pushteti&#8221;, tha ai.<\/p>\n<p>&#8220;Perceptimi aktual \u00ebsht\u00eb se n\u00ebse Rama largohet, edhe Berisha do t\u00eb kthehet. Nj\u00ebri u largua nga pushteti p\u00ebr shkak t\u00eb korrupsionit, tjetri duhet t\u00eb largohet gjithashtu nga pushteti p\u00ebr shkak t\u00eb korrupsionit&#8221;, tha Kikia.<\/p>\n<p>Shqip\u00ebria shpreson t\u00eb an\u00ebtar\u00ebsohet n\u00eb Bashkimin Evropian dhe \u00ebsht\u00eb n\u00ebn monitorim t\u00eb ngusht\u00eb nga blloku si pjes\u00eb e procesit t\u00eb saj t\u00eb pranimit, t\u00eb cilin shpreson ta p\u00ebrfundoj\u00eb deri n\u00eb vitin 2027.<\/p>\n<p>Megjithat\u00eb, mbik\u00ebqyr\u00ebsit nd\u00ebrkomb\u00ebtar\u00eb thon\u00eb se vendi vazhdon t\u00eb vuaj\u00eb nga korrupsioni i p\u00ebrhapur.<\/p>\n","protected":false},"excerpt":{"rendered":"<p>&#8220;Washington Post&#8221; Policia q\u00eblloi me gaz lotsjell\u00ebs dhe topa uji ndaj protestuesve q\u00eb hidhnin kokteje Molotov dhe fishekzjarr\u00eb gjat\u00eb nj\u00eb demonstrate t\u00eb mart\u00ebn n\u00eb mbr\u00ebmje n\u00eb qend\u00ebr t\u00eb Tiran\u00ebs nga mij\u00ebra mb\u00ebshtet\u00ebs t\u00eb opozit\u00ebs q\u00eb k\u00ebrkonin dor\u00ebheqjen e qeveris\u00eb s\u00eb Shqip\u00ebris\u00eb. Qeveria e kryeministrit Edi Rama \u00ebsht\u00eb kritikuar p\u00ebr akuzat p\u00ebr korrupsion q\u00eb p\u00ebrfshijn\u00eb z\u00ebvend\u00ebskryeministren &hellip;<\/p>\n","protected":false},"author":3,"featured_media":135729,"comment_status":"closed","ping_status":"closed","sticky":false,"template":"","format":"standard","meta":{"footnotes":""},"categories":[37],"tags":[],"class_list":["post-135797","post","type-post","status-publish","format-standard","has-post-thumbnail","","category-politike"],"_links":{"self":[{"href":"https:\/\/rdnews.al\/index.php\/wp-json\/wp\/v2\/posts\/135797","targetHints":{"allow":["GET"]}}],"collection":[{"href":"https:\/\/rdnews.al\/index.php\/wp-json\/wp\/v2\/posts"}],"about":[{"href":"https:\/\/rdnews.al\/index.php\/wp-json\/wp\/v2\/types\/post"}],"author":[{"embeddable":true,"href":"https:\/\/rdnews.al\/index.php\/wp-json\/wp\/v2\/users\/3"}],"replies":[{"embeddable":true,"href":"https:\/\/rdnews.al\/index.php\/wp-json\/wp\/v2\/comments?post=135797"}],"version-history":[{"count":1,"href":"https:\/\/rdnews.al\/index.php\/wp-json\/wp\/v2\/posts\/135797\/revisions"}],"predecessor-version":[{"id":135801,"href":"https:\/\/rdnews.al\/index.php\/wp-json\/wp\/v2\/posts\/135797\/revisions\/135801"}],"wp:featuredmedia":[{"embeddable":true,"href":"https:\/\/rdnews.al\/index.php\/wp-json\/wp\/v2\/media\/135729"}],"wp:attachment":[{"href":"https:\/\/rdnews.al\/index.php\/wp-json\/wp\/v2\/media?parent=135797"}],"wp:term":[{"taxonomy":"category","embeddable":true,"href":"https:\/\/rdnews.al\/index.php\/wp-json\/wp\/v2\/categories?post=135797"},{"taxonomy":"post_tag","embeddable":true,"href":"https:\/\/rdnews.al\/index.php\/wp-json\/wp\/v2\/tags?post=135797"}],"curies":[{"name":"wp","href":"https:\/\/api.w.org\/{rel}","templated":true}]}}