{"id":135803,"date":"2026-02-10T20:12:41","date_gmt":"2026-02-10T20:12:41","guid":{"rendered":"https:\/\/rdnews.al\/?p=135803"},"modified":"2026-02-10T20:15:18","modified_gmt":"2026-02-10T20:15:18","slug":"berisha-guximi-i-qytetareve-do-rrezoje-edi-ramen-dhe-bandat-me-uniforme","status":"publish","type":"post","link":"https:\/\/rdnews.al\/index.php\/2026\/02\/10\/berisha-guximi-i-qytetareve-do-rrezoje-edi-ramen-dhe-bandat-me-uniforme\/","title":{"rendered":"Berisha: Guximi i qytetar\u00ebve do rr\u00ebzoj\u00eb Edi Ram\u00ebn dhe bandat me uniform\u00eb!"},"content":{"rendered":"<p>Kryetari i PD, Sali Berisha, n\u00eb nj\u00eb prononcim p\u00ebr mediat nga selia e PD tha se, kryengritja e 10 shkurtit shkroi histori, guximi i qytetar\u00ebve do rr\u00ebzoj\u00eb Edi Ram\u00ebn dhe bandat me uniform\u00eb.<\/p>\n<p><strong>Berisha:<\/strong> P\u00ebrsh\u00ebndetje m\u00eb t\u00eb p\u00ebrzem\u00ebrt guximtar\u00ebve t\u00eb pamposhtur t\u00eb 10 shkurtit, q\u00eb b\u00ebn\u00eb n\u00eb k\u00ebt\u00eb revolt\u00eb, n\u00eb k\u00ebt\u00eb kryengritje paq\u00ebsore, historin\u00eb. Me guximin, qytetar\u00ebt de facto zot\u00ebruan sheshin. Bandit\u00eb me uniform\u00eb, kriminel\u00eb me uniform\u00eb u v\u00ebrsul\u00ebn si bisha, duke menduar se mund t&#8217;i mposhtnin. Ja ju them un\u00eb atyre, q\u00eb vet\u00ebp\u00ebrmbajtja, guximi, q\u00ebndrimi paq\u00ebsor i protestuesve \u00ebsht\u00eb dhjet\u00ebra, qindra her\u00eb m\u00eb i fuqish\u00ebm se banditizmi i tyre. Protestues paq\u00ebsor\u00eb por dhe njer\u00ebz me aft\u00ebsi t\u00eb jasht\u00ebzakonshme. Dhjet\u00ebra mij\u00ebra guximtar\u00ebve, u mjaftojn\u00eb pak minuta p\u00ebr t&#8217;u dh\u00ebn\u00eb at\u00eb q\u00eb meritoni. Vet\u00ebp\u00ebrmbajtjen e tyre mos e merrni p\u00ebr dob\u00ebsi.<\/p>\n<p>Vet\u00ebp\u00ebrmbajtja e tyre \u00ebsht\u00eb trim\u00ebri dhe guxim. \u00cbsht\u00eb vendosm\u00ebri p\u00ebr t\u00eb realizuar q\u00ebllimin, p\u00ebr t\u00eb rr\u00ebzuar, p\u00ebr t\u00eb hedhur n\u00eb kosh t\u00eb plehrave t\u00eb historis\u00eb nj\u00ebrin prej armiqve m\u00eb t\u00eb rreziksh\u00ebm n\u00eb historin\u00eb e kombit, m\u00eb t\u00eb rreziksh\u00ebm n\u00eb historin\u00eb e kombit shqiptar, m\u00eb t\u00eb pashpirt, Edi Ram\u00ebn. Mos mendoni se durimi nuk ka nj\u00eb fund. Dhe un\u00eb ju garantoj se kjo vet\u00ebp\u00ebrmbajtje, kjo vendosm\u00ebri e jona, nuk mund t\u00eb provokohet. Dhe provokator\u00ebt mund t\u00eb marrin nj\u00eb m\u00ebsim q\u00eb meritojn\u00eb. Mir\u00ebnjohje p\u00ebr ju, mir\u00ebnjohje p\u00ebr \u00e7do qytetar q\u00eb erdhi nga t\u00eb kat\u00ebrta an\u00ebt.<\/p>\n<p>Pra, sot barbaria e policis\u00eb nuk kurseu gazetar\u00ebt. K\u00ebta gazetar\u00eb dhe kameraman\u00eb u trajtuan n\u00eb m\u00ebnyr\u00eb armiq\u00ebsore nga bandit\u00eb me uniform\u00eb. U b\u00eb gjith\u00e7ka q\u00eb t\u00eb mos p\u00ebrmbushnin dot detyr\u00ebn e tyre, misionin e tyre. Por i p\u00ebrg\u00ebzoj. I p\u00ebrg\u00ebzoj se nuk u ndal\u00ebn p\u00ebr asnj\u00eb moment nga detyra dhe misioni i paraqitjes s\u00eb \u00e7do akti. K\u00ebta bandit\u00eb q\u00eb mbrojn\u00eb kryehajdutin Edi Rama dhe Lubi Ballukun, godit\u00ebn sot deputet\u00ebt e opozit\u00ebs, q\u00eb mbrojn\u00eb ligjin dhe kushtetut\u00ebn.<\/p>\n<p>I siguroj, i garantoj, se edhe mbrapa diellit po t\u00eb shkojn\u00eb do gjinden dhe para drejt\u00ebsis\u00eb do dalin. Por sot shqiptar\u00ebt pan\u00eb dhe bota pa se si kryehajduti i kombit, p\u00ebr t\u00eb mbrojtur pla\u00e7k\u00ebn e tij dhe t\u00eb Lubi Ballukut, \u00ebsht\u00eb i gatsh\u00ebm ta shk\u00ebpus\u00eb nga Bashkimi Europian. Po jemi t\u00eb gatsh\u00ebm, m\u00eb t\u00eb gatsh\u00ebm se kurr\u00eb t&#8217;i japim at\u00eb q\u00eb meritojn\u00eb. Me dat\u00ebn 20 shkurt \u00ebsht\u00eb dita jon\u00eb, dita e fitores, t\u00eb rinjve dhe gjith\u00eb protestuesve. Fitore! Fitore! Fitore!<\/p>\n","protected":false},"excerpt":{"rendered":"<p>Kryetari i PD, Sali Berisha, n\u00eb nj\u00eb prononcim p\u00ebr mediat nga selia e PD tha se, kryengritja e 10 shkurtit shkroi histori, guximi i qytetar\u00ebve do rr\u00ebzoj\u00eb Edi Ram\u00ebn dhe bandat me uniform\u00eb. Berisha: P\u00ebrsh\u00ebndetje m\u00eb t\u00eb p\u00ebrzem\u00ebrt guximtar\u00ebve t\u00eb pamposhtur t\u00eb 10 shkurtit, q\u00eb b\u00ebn\u00eb n\u00eb k\u00ebt\u00eb revolt\u00eb, n\u00eb k\u00ebt\u00eb kryengritje paq\u00ebsore, historin\u00eb. Me &hellip;<\/p>\n","protected":false},"author":4,"featured_media":135804,"comment_status":"closed","ping_status":"closed","sticky":false,"template":"","format":"standard","meta":{"footnotes":""},"categories":[37],"tags":[],"class_list":["post-135803","post","type-post","status-publish","format-standard","has-post-thumbnail","","category-politike"],"_links":{"self":[{"href":"https:\/\/rdnews.al\/index.php\/wp-json\/wp\/v2\/posts\/135803","targetHints":{"allow":["GET"]}}],"collection":[{"href":"https:\/\/rdnews.al\/index.php\/wp-json\/wp\/v2\/posts"}],"about":[{"href":"https:\/\/rdnews.al\/index.php\/wp-json\/wp\/v2\/types\/post"}],"author":[{"embeddable":true,"href":"https:\/\/rdnews.al\/index.php\/wp-json\/wp\/v2\/users\/4"}],"replies":[{"embeddable":true,"href":"https:\/\/rdnews.al\/index.php\/wp-json\/wp\/v2\/comments?post=135803"}],"version-history":[{"count":2,"href":"https:\/\/rdnews.al\/index.php\/wp-json\/wp\/v2\/posts\/135803\/revisions"}],"predecessor-version":[{"id":135806,"href":"https:\/\/rdnews.al\/index.php\/wp-json\/wp\/v2\/posts\/135803\/revisions\/135806"}],"wp:featuredmedia":[{"embeddable":true,"href":"https:\/\/rdnews.al\/index.php\/wp-json\/wp\/v2\/media\/135804"}],"wp:attachment":[{"href":"https:\/\/rdnews.al\/index.php\/wp-json\/wp\/v2\/media?parent=135803"}],"wp:term":[{"taxonomy":"category","embeddable":true,"href":"https:\/\/rdnews.al\/index.php\/wp-json\/wp\/v2\/categories?post=135803"},{"taxonomy":"post_tag","embeddable":true,"href":"https:\/\/rdnews.al\/index.php\/wp-json\/wp\/v2\/tags?post=135803"}],"curies":[{"name":"wp","href":"https:\/\/api.w.org\/{rel}","templated":true}]}}