{"id":135813,"date":"2026-02-10T20:27:01","date_gmt":"2026-02-10T20:27:01","guid":{"rendered":"https:\/\/rdnews.al\/?p=135813"},"modified":"2026-02-10T20:38:17","modified_gmt":"2026-02-10T20:38:17","slug":"vjen-ultimatumi-amerikan-per-ramen-respekto-drejtesine-kusht-per-bashkepunimin-2","status":"publish","type":"post","link":"https:\/\/rdnews.al\/index.php\/2026\/02\/10\/vjen-ultimatumi-amerikan-per-ramen-respekto-drejtesine-kusht-per-bashkepunimin-2\/","title":{"rendered":"Vjen ultimatumi amerikan p\u00ebr Ram\u00ebn\/ \u201cRespekto drejt\u00ebsin\u00eb, kusht p\u00ebr bashk\u00ebpunimin\u201d"},"content":{"rendered":"<p><strong>P\u00ebrmes nj\u00eb gjuhe t\u00eb qart\u00eb Shtetet e Bashkuara i kan\u00eb b\u00ebr\u00eb sonte nj\u00eb paralam\u00ebrim politik Ram\u00ebs, se n\u00eb rast se nuk do t\u00eb respektoj\u00eb drejt\u00ebsin\u00eb, at\u00ebhere kjo do t\u00eb ndikoj\u00eb n\u00eb mar\u00ebdh\u00ebniet direkte me t\u00eb. Shtetet e Bashkuara e konsiderojn\u00eb mb\u00ebshtetjen e drejt\u00ebsis\u00eb si kusht p\u00ebr bashk\u00ebpunimin me Tiran\u00ebn zyrtare. <\/strong><\/p>\n<p>Ambasada e Shteteve t\u00eb Bashkuara t\u00eb Amerik\u00ebs n\u00eb Tiran\u00eb i \u00ebsht\u00eb p\u00ebrgjigjur interesimit t\u00eb News24 lidhur me deklaratat e kryeministrit Edi Rama q\u00eb u shpreh se Parlamenti nuk ka asnj\u00eb ngut p\u00ebr t\u00eb kaluar n\u00eb shqyrtim k\u00ebrkes\u00ebn e Prokuroris\u00eb s\u00eb Posa\u00e7me p\u00ebr heqjen e imunitetit dhe arrestimin e z\u00ebvend\u00ebskryeministres Belinda Balluku, e marr\u00eb e pandehur nga SPAK p\u00ebr akuza q\u00eb lidhen me tendera miliona euro.<\/p>\n<p>Kujtojm\u00eb se kjo k\u00ebrkes\u00eb \u00ebsht\u00eb depozituar n\u00eb Kuvend q\u00eb n\u00eb 16 dhjetor t\u00eb vitit 2025.<\/p>\n<p>N\u00eb p\u00ebrgjigjen p\u00ebr News24, Ambasada e amerikane shprehet se pav\u00ebr\u00ebsia e institucioneve t\u00eb drejt\u00ebsis\u00eb \u00ebsht\u00eb thelb\u00ebsore n\u00eb bashk\u00ebpunimin mes dy vendeve.<\/p>\n<div class=\"entry\">\n<p><strong>Ambasada e SHBA p\u00ebr News24:<\/strong><\/p>\n<div id=\"beacon_722b877ec9\"><img loading=\"lazy\" decoding=\"async\" class=\"tie-appear\" src=\"https:\/\/ads.balkanweb.com\/www\/delivery\/lg.php?bannerid=0&amp;campaignid=0&amp;zoneid=629&amp;loc=https%3A%2F%2Fwww.balkanweb.com%2Fmazhoranca-refuzon-ti-heqe-imunitetin-ballukut-ambasada-e-shba-per-news24-pavaresia-e-institucioneve-te-drejtesise-thelbesore-per-bashkepunimin-e-shba-me-shqiperine-ne-luften-kunder-krimit%2F&amp;referer=https%3A%2F%2Fwww.balkanweb.com%2F&amp;cb=722b877ec9\" alt=\"\" width=\"0\" height=\"0\" \/>\u201cPavar\u00ebsia e institucioneve t\u00eb drejt\u00ebsis\u00eb n\u00eb Shqip\u00ebri mbetet thelb\u00ebsore p\u00ebr bashk\u00ebpunimin e vazhduesh\u00ebm mes Shteteve t\u00eb Bashkuara dhe Shqip\u00ebris\u00eb n\u00eb luft\u00ebn kund\u00ebr krimit nd\u00ebrkomb\u00ebtar\u201d. Por p\u00ebrfaq\u00ebsia diplomatike e SHBA ka shmangur komentet lidhur me \u00e7\u00ebshtjen Balluku, duke e konsideruar at\u00eb nj\u00eb \u00e7\u00ebshjte n\u00ebn hetim. \u201cNuk kemi koment p\u00ebr \u00e7\u00ebshtjet ligjore q\u00eb jan\u00eb n\u00eb proces\u201d.<\/div>\n<p>Nj\u00eb dit\u00eb m\u00eb par\u00eb nj\u00eb reagim erdhi nga Brukseli p\u00ebr deklaratat e Ram\u00ebs, lidhur me \u00e7\u00ebshtjen Balluku.<\/p>\n<p>Komisioni Europian \u201c\u00cbsht\u00eb p\u00ebrgjegj\u00ebsi e Parlamentit t\u00eb Shqip\u00ebris\u00eb q\u00eb t\u00eb trajtoj\u00eb pa vones\u00eb k\u00ebrkesat p\u00ebr heqjen e imunitetit t\u00eb an\u00ebtar\u00ebve t\u00eb tij. Lufta efektive kund\u00ebr korrupsionit \u00ebsht\u00eb e nj\u00eb r\u00ebnd\u00ebsie thelb\u00ebsore p\u00ebr p\u00ebrparimin e Shqip\u00ebris\u00eb drejt an\u00ebtar\u00ebsimit n\u00eb BE, gj\u00eb q\u00eb \u00ebsht\u00eb edhe pritshm\u00ebria e qytetar\u00ebve t\u00eb saj\u201d.<\/p>\n<p>SHBA, por edhe Bashkimi Europiane kan\u00eb mb\u00ebshtetur q\u00eb n\u00eb nisje Reform\u00ebn n\u00eb Drejt\u00ebsi e m\u00eb pas ngritjen e institucioneve t\u00eb reja t\u00eb drejt\u00ebsis\u00eb. Mb\u00ebshtetja ka qen\u00eb e vazhdueshme p\u00ebr pun\u00ebn e Prokuroris\u00eb s\u00eb Posa\u00e7me GJKKO dhe Byros\u00eb komb\u00ebtare t\u00eb hetimit, duke e v\u00ebn\u00eb theksin t\u00ebk lufta kund\u00ebr korrupsionit dhe krimit.<\/p>\n<\/div>\n","protected":false},"excerpt":{"rendered":"<p>P\u00ebrmes nj\u00eb gjuhe t\u00eb qart\u00eb Shtetet e Bashkuara i kan\u00eb b\u00ebr\u00eb sonte nj\u00eb paralam\u00ebrim politik Ram\u00ebs, se n\u00eb rast se nuk do t\u00eb respektoj\u00eb drejt\u00ebsin\u00eb, at\u00ebhere kjo do t\u00eb ndikoj\u00eb n\u00eb mar\u00ebdh\u00ebniet direkte me t\u00eb. Shtetet e Bashkuara e konsiderojn\u00eb mb\u00ebshtetjen e drejt\u00ebsis\u00eb si kusht p\u00ebr bashk\u00ebpunimin me Tiran\u00ebn zyrtare. Ambasada e Shteteve t\u00eb Bashkuara &hellip;<\/p>\n","protected":false},"author":4,"featured_media":135817,"comment_status":"closed","ping_status":"closed","sticky":false,"template":"","format":"standard","meta":{"footnotes":""},"categories":[37],"tags":[],"class_list":["post-135813","post","type-post","status-publish","format-standard","has-post-thumbnail","","category-politike"],"_links":{"self":[{"href":"https:\/\/rdnews.al\/index.php\/wp-json\/wp\/v2\/posts\/135813","targetHints":{"allow":["GET"]}}],"collection":[{"href":"https:\/\/rdnews.al\/index.php\/wp-json\/wp\/v2\/posts"}],"about":[{"href":"https:\/\/rdnews.al\/index.php\/wp-json\/wp\/v2\/types\/post"}],"author":[{"embeddable":true,"href":"https:\/\/rdnews.al\/index.php\/wp-json\/wp\/v2\/users\/4"}],"replies":[{"embeddable":true,"href":"https:\/\/rdnews.al\/index.php\/wp-json\/wp\/v2\/comments?post=135813"}],"version-history":[{"count":4,"href":"https:\/\/rdnews.al\/index.php\/wp-json\/wp\/v2\/posts\/135813\/revisions"}],"predecessor-version":[{"id":135820,"href":"https:\/\/rdnews.al\/index.php\/wp-json\/wp\/v2\/posts\/135813\/revisions\/135820"}],"wp:featuredmedia":[{"embeddable":true,"href":"https:\/\/rdnews.al\/index.php\/wp-json\/wp\/v2\/media\/135817"}],"wp:attachment":[{"href":"https:\/\/rdnews.al\/index.php\/wp-json\/wp\/v2\/media?parent=135813"}],"wp:term":[{"taxonomy":"category","embeddable":true,"href":"https:\/\/rdnews.al\/index.php\/wp-json\/wp\/v2\/categories?post=135813"},{"taxonomy":"post_tag","embeddable":true,"href":"https:\/\/rdnews.al\/index.php\/wp-json\/wp\/v2\/tags?post=135813"}],"curies":[{"name":"wp","href":"https:\/\/api.w.org\/{rel}","templated":true}]}}