{"id":136055,"date":"2026-02-13T18:24:17","date_gmt":"2026-02-13T18:24:17","guid":{"rendered":"https:\/\/rdnews.al\/?p=136055"},"modified":"2026-02-13T21:23:38","modified_gmt":"2026-02-13T21:23:38","slug":"ndryshimet-e-reja-ne-kodin-penal-shba-paralaljmeron-ramen","status":"publish","type":"post","link":"https:\/\/rdnews.al\/index.php\/2026\/02\/13\/ndryshimet-e-reja-ne-kodin-penal-shba-paralaljmeron-ramen\/","title":{"rendered":"Ndryshimet e reja n\u00eb Kodin Penal\/ SHBA paralajm\u00ebron Ram\u00ebn"},"content":{"rendered":"<p>Rama k\u00ebrkon ti jap\u00eb imunitet qeveris\u00eb q\u00eb t\u00eb mos preket nga drejt\u00ebsia, por SHBA e paralajm\u00ebron me gjuh\u00eb diplomatike. &#8220;Pavar\u00ebsia e institucioneve t\u00eb drejt\u00ebsis\u00eb n\u00eb Shqip\u00ebri mbetet thelb\u00ebsore p\u00ebr bashk\u00ebpunimin e vazhduesh\u00ebm mes Shteteve t\u00eb Bashkuara dhe Shqip\u00ebris\u00eb&#8221; thuhet n\u00eb deklarat\u00eb.<\/p>\n<p>Ambasada Amerikane n\u00eb Tiran\u00eb ka reaguar p\u00ebr Euronews Albania lidhur me ndryshimet ligjore te Kodit Penal dhe paralajm\u00ebrimin e kryeministrit Edi Rama p\u00ebr nd\u00ebrhyrje n\u00eb legjislacion pas vendimit t\u00eb Gjykat\u00ebs Kushtetuese.<\/p>\n<p>Euronews n\u00eb pyetjen drejtuar ambasad\u00ebs amerikane thekson se q\u00ebllimi i deklaruar \u00ebsht\u00eb ndalimi i ushtrimit nga organet e drejt\u00ebsis\u00eb (SPAK dhe GJKKO) t\u00eb mas\u00ebs s\u00eb pezullimit nga detyra t\u00eb funksionar\u00ebve t\u00eb lart\u00eb si an\u00ebtar\u00ebt e K\u00ebshillit t\u00eb Ministrave, Presidentit dhe zyrtar\u00ebve t\u00eb tjer\u00eb.<\/p>\n<p>Ambasada n\u00eb p\u00ebrgjigjen e saj theksoi se nuk komenton \u00e7\u00ebshtjet ligjore q\u00eb jan\u00eb n\u00eb proces. Sipas saj pavar\u00ebsia e institucioneve t\u00eb drejt\u00ebsis\u00eb n\u00eb Shqip\u00ebri mbetet thelb\u00ebsore p\u00ebr bashk\u00ebpunimin mes dy vendeve n\u00eb luft\u00ebn kund\u00ebr krimit.<\/p>\n<p>\u201cPavar\u00ebsia e institucioneve t\u00eb drejt\u00ebsis\u00eb n\u00eb Shqip\u00ebri mbetet thelb\u00ebsore p\u00ebr bashk\u00ebpunimin e vazhduesh\u00ebm mes Shteteve t\u00eb Bashkuara dhe Shqip\u00ebris\u00eb n\u00eb luft\u00ebn kund\u00ebr krimit nd\u00ebrkomb\u00ebtar. Nuk kemi koment p\u00ebr \u00e7\u00ebshtjet ligjore q\u00eb jan\u00eb n\u00eb proces\u201d, u p\u00ebrgjigj Ambasada Amerikane.<\/p>\n","protected":false},"excerpt":{"rendered":"<p>Rama k\u00ebrkon ti jap\u00eb imunitet qeveris\u00eb q\u00eb t\u00eb mos preket nga drejt\u00ebsia, por SHBA e paralajm\u00ebron me gjuh\u00eb diplomatike. &#8220;Pavar\u00ebsia e institucioneve t\u00eb drejt\u00ebsis\u00eb n\u00eb Shqip\u00ebri mbetet thelb\u00ebsore p\u00ebr bashk\u00ebpunimin e vazhduesh\u00ebm mes Shteteve t\u00eb Bashkuara dhe Shqip\u00ebris\u00eb&#8221; thuhet n\u00eb deklarat\u00eb. Ambasada Amerikane n\u00eb Tiran\u00eb ka reaguar p\u00ebr Euronews Albania lidhur me ndryshimet ligjore te &hellip;<\/p>\n","protected":false},"author":4,"featured_media":136056,"comment_status":"closed","ping_status":"closed","sticky":false,"template":"","format":"standard","meta":{"footnotes":""},"categories":[37],"tags":[],"class_list":["post-136055","post","type-post","status-publish","format-standard","has-post-thumbnail","","category-politike"],"_links":{"self":[{"href":"https:\/\/rdnews.al\/index.php\/wp-json\/wp\/v2\/posts\/136055","targetHints":{"allow":["GET"]}}],"collection":[{"href":"https:\/\/rdnews.al\/index.php\/wp-json\/wp\/v2\/posts"}],"about":[{"href":"https:\/\/rdnews.al\/index.php\/wp-json\/wp\/v2\/types\/post"}],"author":[{"embeddable":true,"href":"https:\/\/rdnews.al\/index.php\/wp-json\/wp\/v2\/users\/4"}],"replies":[{"embeddable":true,"href":"https:\/\/rdnews.al\/index.php\/wp-json\/wp\/v2\/comments?post=136055"}],"version-history":[{"count":5,"href":"https:\/\/rdnews.al\/index.php\/wp-json\/wp\/v2\/posts\/136055\/revisions"}],"predecessor-version":[{"id":136072,"href":"https:\/\/rdnews.al\/index.php\/wp-json\/wp\/v2\/posts\/136055\/revisions\/136072"}],"wp:featuredmedia":[{"embeddable":true,"href":"https:\/\/rdnews.al\/index.php\/wp-json\/wp\/v2\/media\/136056"}],"wp:attachment":[{"href":"https:\/\/rdnews.al\/index.php\/wp-json\/wp\/v2\/media?parent=136055"}],"wp:term":[{"taxonomy":"category","embeddable":true,"href":"https:\/\/rdnews.al\/index.php\/wp-json\/wp\/v2\/categories?post=136055"},{"taxonomy":"post_tag","embeddable":true,"href":"https:\/\/rdnews.al\/index.php\/wp-json\/wp\/v2\/tags?post=136055"}],"curies":[{"name":"wp","href":"https:\/\/api.w.org\/{rel}","templated":true}]}}