{"id":136069,"date":"2026-02-13T21:11:01","date_gmt":"2026-02-13T21:11:01","guid":{"rendered":"https:\/\/rdnews.al\/?p=136069"},"modified":"2026-02-13T21:11:01","modified_gmt":"2026-02-13T21:11:01","slug":"fox-news-rrethanat-e-erreta-te-ballukut-qeveria-e-mbushur-me-korrupsion-solli-protestat","status":"publish","type":"post","link":"https:\/\/rdnews.al\/index.php\/2026\/02\/13\/fox-news-rrethanat-e-erreta-te-ballukut-qeveria-e-mbushur-me-korrupsion-solli-protestat\/","title":{"rendered":"Fox News: Rrethanat e err\u00ebta t\u00eb Ballukut\/ &#8220;Qeveria e mbushur me korrupsion solli protestat&#8221;"},"content":{"rendered":"<p><strong>Nga Chriss Massaro,\u00a0<a href=\"https:\/\/www.foxnews.com\/world\/european-capital-rocked-violent-protests-government-corruption-probe-fuels-unrest\" target=\"_blank\" rel=\"noopener\">FOX NEWS<\/a><\/strong><\/p>\n<p>Mij\u00ebra protestues antiqeveritar\u00eb u p\u00ebrball\u00ebn dhunsh\u00ebm me policin\u00eb p\u00ebrpara nd\u00ebrtesave qeveritare n\u00eb kryeqytetin e Shqip\u00ebris\u00eb, Tiran\u00eb, n\u00eb fillim t\u00eb k\u00ebsaj jave, pasi njer\u00ebzit k\u00ebrkuan dor\u00ebheqjen e qeveris\u00eb pas nj\u00eb skandali masiv korrupsioni.<\/p>\n<p>Partia kryesore e opozit\u00ebs n\u00eb Shqip\u00ebri b\u00ebri thirrje q\u00eb njer\u00ebzit t\u00eb dilnin n\u00eb rrug\u00eb dhe t\u00eb k\u00ebrkonin dor\u00ebheqjen e z\u00ebvend\u00ebskryeministres\u00a0<strong>Belinda Balluku<\/strong>, pasi ajo u padit nga nj\u00eb prokuror special, i cili pretendoi se kishte ndikuar n\u00eb m\u00ebnyr\u00eb t\u00eb padrejt\u00eb me vendimet e saj p\u00ebr t\u00eb favorizuar nj\u00eb kompani n\u00eb nj\u00eb tender p\u00ebr nd\u00ebrtimin e nj\u00eb tuneli 3.7 milje n\u00eb jug t\u00eb Shqip\u00ebris\u00eb.<\/p>\n<p>Gjykata Speciale Kund\u00ebr Korrupsionit dhe Krimit t\u00eb Organizuar e pezulloi Ballukun nga qeveria n\u00eb n\u00ebntor, por kryeministri\u00a0<strong>Edi Rama<\/strong>\u00a0e \u00e7oi \u00e7\u00ebshtjen n\u00eb Gjykat\u00ebn Kushtetuese t\u00eb vendit, e cila e riktheu Ballukun n\u00eb detyr\u00eb n\u00eb dhjetor.<\/p>\n<p>Balluku i mohoi akuzat, duke i quajtur akuzat kund\u00ebr saj si\u00a0<em>\u201cshpifje, insinuata, gjysm\u00eb t\u00eb v\u00ebrteta dhe g\u00ebnjeshtra\u201d.<\/em>\u00a0Rama ka refuzuar ta shkarkoj\u00eb at\u00eb.<\/p>\n<p>Akuzat p\u00ebr korrupsion shkaktuan zem\u00ebrim t\u00eb gjer\u00eb, duke shkaktuar protesta n\u00eb muajt e fundit.<\/p>\n<p><em>\u201cVala e protestave popullore n\u00eb Shqip\u00ebri pasqyron nj\u00eb reagim shoq\u00ebror n\u00eb rritje kund\u00ebr asaj q\u00eb kritik\u00ebt e p\u00ebrshkruajn\u00eb si sundimi gjithnj\u00eb e m\u00eb autokratik i Kryeministrit Edi Rama\u201d,<\/em>\u00a0\u2013 tha p\u00ebr Fox News,\u00a0<strong>Agim Nesho<\/strong>, ish-ambasador i Shqip\u00ebris\u00eb n\u00eb SHBA dhe Kombet e Bashkuara.<\/p>\n<p><em>\u201cGjat\u00eb m\u00eb shum\u00eb se nj\u00eb dekade n\u00eb pushtet, Rama akuzohet p\u00ebr centralizim t\u00eb autoritetit dhe personalizim t\u00eb institucioneve shtet\u00ebrore, nd\u00ebrsa qeveria e tij \u00ebsht\u00eb p\u00ebrballur me akuza t\u00eb vazhdueshme p\u00ebr bashk\u00ebpunim me krimin e organizuar dhe keqp\u00ebrdorim t\u00eb fondeve publike dhe aseteve publike n\u00eb dobi t\u00eb klient\u00ebve t\u00eb lidhur politikisht\u201d,<\/em>\u00a0\u2013 pohoi Nesho.<\/p>\n<p>Rrethanat e err\u00ebta q\u00eb rrethojn\u00eb aleaten m\u00eb t\u00eb r\u00ebnd\u00ebsishme t\u00eb Ram\u00ebs dhe mungesa e llogaridh\u00ebnies p\u00ebrforcojn\u00eb ndjenj\u00ebn q\u00eb \u00ebsht\u00eb e p\u00ebrhapur n\u00eb shoq\u00ebrin\u00eb shqiptare se qeveria e tyre \u00ebsht\u00eb e mbushur me korrupsion. Me qeverin\u00eb n\u00eb detyr\u00eb dhe figurat e opozit\u00ebs t\u00eb akuzuara p\u00ebr korrupsion, besimi i publikut te institucionet dhe sistemi i drejt\u00ebsis\u00eb \u00ebsht\u00eb g\u00ebrryer vazhdimisht.<\/p>\n<p>Shqip\u00ebria ka nj\u00eb trash\u00ebgimi t\u00eb gjat\u00eb t\u00eb korrupsionit qeveritar dhe renditet e 91-ta nga 182 vende n\u00eb Indeksin e Perceptimit t\u00eb Korrupsionit 2025 t\u00eb \u201cTransparency International\u201d.<br \/>\nProtestat e s\u00eb mart\u00ebs u b\u00ebn\u00eb t\u00eb dhunshme pasi mb\u00ebshtet\u00ebsit e Partis\u00eb Demokratike t\u00eb\u00a0<strong>Sali Berish\u00ebs<\/strong>\u00a0n\u00eb opozit\u00eb hodh\u00ebn gur\u00eb dhe kokteje molotov ndaj zyrave qeveritare n\u00eb Tiran\u00eb. Forcat e siguris\u00eb u p\u00ebrgjigj\u00ebn me topa uji dhe gaz lotsjell\u00ebs.<\/p>\n<p>Berisha pretendon se protestat kan\u00eb qen\u00eb paq\u00ebsore dhe njer\u00ebzit po shprehin vet\u00ebm kund\u00ebrshtimin e tyre ndaj sundimit autokratik n\u00eb rritje t\u00eb Ram\u00ebs dhe sulmeve t\u00eb tij ndaj sistemit t\u00eb drejt\u00ebsis\u00eb.<\/p>\n<p>T\u00eb pakt\u00ebn 16 protestues u trajtuan p\u00ebr l\u00ebndime dhe 13 njer\u00ebz u arrestuan, sipas Associated Press.<\/p>\n<p>Analist\u00ebt e k\u00ebtij rajoni besojn\u00eb se Berisha, i cili ishte kryeminist\u00ebr nga viti 2005 deri n\u00eb vitin 2013 dhe q\u00eb po p\u00ebrballet me akuza p\u00ebr korrupsion, po p\u00ebrpiqet t\u00eb rr\u00ebzoj\u00eb kryeministrin socialist dhe rivalin kryesor politik, Rama, dhe t\u00eb kthehet n\u00eb pushtet.<\/p>\n<p>Trazirat n\u00eb Shqip\u00ebri vijn\u00eb teksa vendi ka k\u00ebrkuar prej koh\u00ebsh an\u00ebtar\u00ebsim n\u00eb Bashkimin Evropian, i cili filloi n\u00eb vitin 2014 kur u b\u00eb kandidat zyrtar p\u00ebr an\u00ebtar\u00ebsim. Teksa raporti vjetor i Komisionit Evropian p\u00ebr vitin 2025 deklaroi se Shqip\u00ebria b\u00ebri hapa t\u00eb r\u00ebnd\u00ebsish\u00ebm n\u00eb reformat gjyq\u00ebsore dhe luft\u00ebn kund\u00ebr krimit t\u00eb organizuar, akuzat e fundit kund\u00ebr qeveris\u00eb s\u00eb Ram\u00ebs do ta nd\u00ebrlikojn\u00eb rrug\u00ebn e saj drejt an\u00ebtar\u00ebsimit n\u00eb BE.<\/p>\n<p>Shtetet e Bashkuara ndihmuan n\u00eb zbatimin e procesit t\u00eb reform\u00ebs gjyq\u00ebsore t\u00eb Shqip\u00ebris\u00eb, duke p\u00ebrfshir\u00eb krijimin e Struktur\u00ebs s\u00eb Specializuar Kund\u00ebr Korrupsionit (SPAK). Byroja e Departamentit t\u00eb Shtetit p\u00ebr \u00c7\u00ebshtjet Nd\u00ebrkomb\u00ebtare t\u00eb Narkotik\u00ebve dhe Zbatimit t\u00eb Ligjit (INL) investoi miliona p\u00ebr t\u00eb nxitur p\u00ebrparimin demokratik n\u00eb Shqip\u00ebri dhe ndihmoi n\u00eb luft\u00ebn e Shqip\u00ebris\u00eb me korrupsionin dhe n\u00eb forcimin e institucioneve t\u00eb saj t\u00eb dob\u00ebta.<\/p>\n<p>Nesho paralajm\u00ebroi se SHBA-t\u00eb dhe Bashkimi Evropian duhet t\u00eb merren seriozisht me politikat n\u00eb Ballkanin Per\u00ebndimor dhe t\u00eb ndihmojn\u00eb n\u00eb afrimin e Shqip\u00ebris\u00eb me integrimin evropian.<\/p>\n<p><em>\u201cN\u00ebse Uashingtoni dhe Brukseli vazhdojn\u00eb t\u00eb shohin an\u00ebn tjet\u00ebr \u2013 duke d\u00ebshtuar n\u00eb zbatimin e sundimit t\u00eb ligjit, rivendosjen e kontrolleve dhe balancave reale dhe nd\u00ebrprerjen e lidhjeve t\u00eb regjimit me krimin e organizuar dhe trafikimin e drog\u00ebs, Shqip\u00ebria rrezikon t\u00eb zhytet n\u00eb orbit\u00ebn e autokracis\u00eb s\u00eb stilit lindor\u201d,<\/em>\u00a0\u2013 tha Nesho.<\/p>\n","protected":false},"excerpt":{"rendered":"<p>Nga Chriss Massaro,\u00a0FOX NEWS Mij\u00ebra protestues antiqeveritar\u00eb u p\u00ebrball\u00ebn dhunsh\u00ebm me policin\u00eb p\u00ebrpara nd\u00ebrtesave qeveritare n\u00eb kryeqytetin e Shqip\u00ebris\u00eb, Tiran\u00eb, n\u00eb fillim t\u00eb k\u00ebsaj jave, pasi njer\u00ebzit k\u00ebrkuan dor\u00ebheqjen e qeveris\u00eb pas nj\u00eb skandali masiv korrupsioni. Partia kryesore e opozit\u00ebs n\u00eb Shqip\u00ebri b\u00ebri thirrje q\u00eb njer\u00ebzit t\u00eb dilnin n\u00eb rrug\u00eb dhe t\u00eb k\u00ebrkonin dor\u00ebheqjen e &hellip;<\/p>\n","protected":false},"author":3,"featured_media":136070,"comment_status":"closed","ping_status":"closed","sticky":false,"template":"","format":"standard","meta":{"footnotes":""},"categories":[37],"tags":[],"class_list":["post-136069","post","type-post","status-publish","format-standard","has-post-thumbnail","","category-politike"],"_links":{"self":[{"href":"https:\/\/rdnews.al\/index.php\/wp-json\/wp\/v2\/posts\/136069","targetHints":{"allow":["GET"]}}],"collection":[{"href":"https:\/\/rdnews.al\/index.php\/wp-json\/wp\/v2\/posts"}],"about":[{"href":"https:\/\/rdnews.al\/index.php\/wp-json\/wp\/v2\/types\/post"}],"author":[{"embeddable":true,"href":"https:\/\/rdnews.al\/index.php\/wp-json\/wp\/v2\/users\/3"}],"replies":[{"embeddable":true,"href":"https:\/\/rdnews.al\/index.php\/wp-json\/wp\/v2\/comments?post=136069"}],"version-history":[{"count":1,"href":"https:\/\/rdnews.al\/index.php\/wp-json\/wp\/v2\/posts\/136069\/revisions"}],"predecessor-version":[{"id":136071,"href":"https:\/\/rdnews.al\/index.php\/wp-json\/wp\/v2\/posts\/136069\/revisions\/136071"}],"wp:featuredmedia":[{"embeddable":true,"href":"https:\/\/rdnews.al\/index.php\/wp-json\/wp\/v2\/media\/136070"}],"wp:attachment":[{"href":"https:\/\/rdnews.al\/index.php\/wp-json\/wp\/v2\/media?parent=136069"}],"wp:term":[{"taxonomy":"category","embeddable":true,"href":"https:\/\/rdnews.al\/index.php\/wp-json\/wp\/v2\/categories?post=136069"},{"taxonomy":"post_tag","embeddable":true,"href":"https:\/\/rdnews.al\/index.php\/wp-json\/wp\/v2\/tags?post=136069"}],"curies":[{"name":"wp","href":"https:\/\/api.w.org\/{rel}","templated":true}]}}