{"id":136073,"date":"2026-02-14T10:12:52","date_gmt":"2026-02-14T10:12:52","guid":{"rendered":"https:\/\/rdnews.al\/?p=136073"},"modified":"2026-02-14T10:13:13","modified_gmt":"2026-02-14T10:13:13","slug":"nis-seanca-ndaj-protestuesve-paqesore-qe-u-arrestuan-nga-policia","status":"publish","type":"post","link":"https:\/\/rdnews.al\/index.php\/2026\/02\/14\/nis-seanca-ndaj-protestuesve-paqesore-qe-u-arrestuan-nga-policia\/","title":{"rendered":"Nis seanca ndaj protestuesve paq\u00ebsor\u00eb q\u00eb u arrestuan nga policia"},"content":{"rendered":"<p>Ka nisur n\u00eb Dhom\u00ebn Penale t\u00eb Gjykat\u00ebs s\u00eb Tiran\u00ebs seanca p\u00ebr vler\u00ebsimin e masave t\u00eb siguris\u00eb p\u00ebr 14 personat e ndaluar pas protest\u00ebs s\u00eb 10 shkurtit.<\/p>\n<p>Nj\u00eb pjes\u00eb (7 t\u00eb mitur) e personave t\u00eb arrestuar nga Policia pas protest\u00ebs t\u00eb moshave t\u00eb mitura u lan\u00eb nj\u00eb dit\u00eb m\u00eb par\u00eb n\u00eb mas\u00ebn detyrim paraqitje nga gjyqtari Dritan Jahjolli.<\/p>\n<p>Nd\u00ebrkoh\u00eb sot kan\u00eb dal\u00eb para gjykat\u00ebs shtetasit:<\/p>\n<p>-Kreshnik \u00c7e\u00e7o<\/p>\n<p>-Klodian Bajrami<\/p>\n<p>-Leonid Tusha<\/p>\n<p>-Klejdi Subashi<\/p>\n<p>-Suzana Dimushi<\/p>\n<p>-Ramazan Nuhu<\/p>\n<p>-Florian Nuhu<\/p>\n<p>-Andrea Kulla<\/p>\n<p>-Fabiol Ahmeti<\/p>\n<p>-Geraldo Demiraj<\/p>\n<p>-Danjel Kulla<\/p>\n<p>-Artur Kadria<\/p>\n<p>-Arbri Ujkaj<\/p>\n","protected":false},"excerpt":{"rendered":"<p>Ka nisur n\u00eb Dhom\u00ebn Penale t\u00eb Gjykat\u00ebs s\u00eb Tiran\u00ebs seanca p\u00ebr vler\u00ebsimin e masave t\u00eb siguris\u00eb p\u00ebr 14 personat e ndaluar pas protest\u00ebs s\u00eb 10 shkurtit. Nj\u00eb pjes\u00eb (7 t\u00eb mitur) e personave t\u00eb arrestuar nga Policia pas protest\u00ebs t\u00eb moshave t\u00eb mitura u lan\u00eb nj\u00eb dit\u00eb m\u00eb par\u00eb n\u00eb mas\u00ebn detyrim paraqitje nga gjyqtari &hellip;<\/p>\n","protected":false},"author":4,"featured_media":136074,"comment_status":"closed","ping_status":"closed","sticky":false,"template":"","format":"standard","meta":{"footnotes":""},"categories":[37],"tags":[],"class_list":["post-136073","post","type-post","status-publish","format-standard","has-post-thumbnail","","category-politike"],"_links":{"self":[{"href":"https:\/\/rdnews.al\/index.php\/wp-json\/wp\/v2\/posts\/136073","targetHints":{"allow":["GET"]}}],"collection":[{"href":"https:\/\/rdnews.al\/index.php\/wp-json\/wp\/v2\/posts"}],"about":[{"href":"https:\/\/rdnews.al\/index.php\/wp-json\/wp\/v2\/types\/post"}],"author":[{"embeddable":true,"href":"https:\/\/rdnews.al\/index.php\/wp-json\/wp\/v2\/users\/4"}],"replies":[{"embeddable":true,"href":"https:\/\/rdnews.al\/index.php\/wp-json\/wp\/v2\/comments?post=136073"}],"version-history":[{"count":1,"href":"https:\/\/rdnews.al\/index.php\/wp-json\/wp\/v2\/posts\/136073\/revisions"}],"predecessor-version":[{"id":136075,"href":"https:\/\/rdnews.al\/index.php\/wp-json\/wp\/v2\/posts\/136073\/revisions\/136075"}],"wp:featuredmedia":[{"embeddable":true,"href":"https:\/\/rdnews.al\/index.php\/wp-json\/wp\/v2\/media\/136074"}],"wp:attachment":[{"href":"https:\/\/rdnews.al\/index.php\/wp-json\/wp\/v2\/media?parent=136073"}],"wp:term":[{"taxonomy":"category","embeddable":true,"href":"https:\/\/rdnews.al\/index.php\/wp-json\/wp\/v2\/categories?post=136073"},{"taxonomy":"post_tag","embeddable":true,"href":"https:\/\/rdnews.al\/index.php\/wp-json\/wp\/v2\/tags?post=136073"}],"curies":[{"name":"wp","href":"https:\/\/api.w.org\/{rel}","templated":true}]}}