{"id":136079,"date":"2026-02-14T11:26:54","date_gmt":"2026-02-14T11:26:54","guid":{"rendered":"https:\/\/rdnews.al\/?p=136079"},"modified":"2026-02-14T11:26:54","modified_gmt":"2026-02-14T11:26:54","slug":"berisha-uron-shen-valentinin-dashuria-eshte-e-pashtershme-eshte-forca-e-shpirtit","status":"publish","type":"post","link":"https:\/\/rdnews.al\/index.php\/2026\/02\/14\/berisha-uron-shen-valentinin-dashuria-eshte-e-pashtershme-eshte-forca-e-shpirtit\/","title":{"rendered":"Berisha uron Sh\u00ebn Valentinin: Dashuria \u00ebsht\u00eb e pashtershme, \u00ebsht\u00eb forca e shpirtit!"},"content":{"rendered":"<p>Kryetari i PD, Sali Berisha, n\u00eb nj\u00eb bashk\u00ebbisedim me qytetar\u00ebt n\u00eb rrjete sociale, u shpreh se dashuria \u00ebsht\u00eb nj\u00eb forc\u00eb e pashtershme q\u00eb transformon individin.<\/p>\n<p>Ai uroi t\u00eb gjith\u00eb shqiptar\u00ebve dhe ve\u00e7an\u00ebrisht t\u00eb rinjve nj\u00eb Sh\u00ebn Valentin t\u00eb g\u00ebzuar, duke theksuar fuqin\u00eb magjike t\u00eb shpirtit, mendjes dhe trupit t\u00eb njeriut, si dhe r\u00ebnd\u00ebsin\u00eb e dashuris\u00eb si energji p\u00ebrjet\u00ebsisht nd\u00ebrtuese.<\/p>\n<p>Berisha: Mir\u00ebdita, dhe nga zemra u uroj t\u00eb gjith\u00ebve ju q\u00eb ndiqni k\u00ebt\u00eb bised\u00eb n\u00eb rrjetet e mia sociale, dhe t\u00eb gjith\u00eb shqiptar\u00ebve, g\u00ebzuar Sh\u00ebn Valentinin, dit\u00ebn e fuqis\u00eb magjike, dit\u00ebn e dashuris\u00eb, fuqis\u00eb magjike t\u00eb shpirtit, t\u00eb mendjes dhe trupit t\u00eb njeriut.<\/p>\n<p>Dit\u00ebn e forc\u00ebs s\u00eb p\u00ebrjetshme, m\u00eb t\u00eb fuqishme, m\u00eb transformuese t\u00eb individit.<br \/>\nUroj t\u00eb gjith\u00eb t\u00eb rinjt\u00eb n\u00eb ve\u00e7anti, por edhe t\u00eb gjith\u00eb shqiptar\u00ebt k\u00ebt\u00eb dit\u00eb pasi dashuria \u00ebsht\u00eb e pashtershme, \u00ebsht\u00eb forca e shpirtit.<\/p>\n<p>G\u00ebzuar!<\/p>\n","protected":false},"excerpt":{"rendered":"<p>Kryetari i PD, Sali Berisha, n\u00eb nj\u00eb bashk\u00ebbisedim me qytetar\u00ebt n\u00eb rrjete sociale, u shpreh se dashuria \u00ebsht\u00eb nj\u00eb forc\u00eb e pashtershme q\u00eb transformon individin. Ai uroi t\u00eb gjith\u00eb shqiptar\u00ebve dhe ve\u00e7an\u00ebrisht t\u00eb rinjve nj\u00eb Sh\u00ebn Valentin t\u00eb g\u00ebzuar, duke theksuar fuqin\u00eb magjike t\u00eb shpirtit, mendjes dhe trupit t\u00eb njeriut, si dhe r\u00ebnd\u00ebsin\u00eb e dashuris\u00eb &hellip;<\/p>\n","protected":false},"author":4,"featured_media":136080,"comment_status":"closed","ping_status":"closed","sticky":false,"template":"","format":"standard","meta":{"footnotes":""},"categories":[37],"tags":[],"class_list":["post-136079","post","type-post","status-publish","format-standard","has-post-thumbnail","","category-politike"],"_links":{"self":[{"href":"https:\/\/rdnews.al\/index.php\/wp-json\/wp\/v2\/posts\/136079","targetHints":{"allow":["GET"]}}],"collection":[{"href":"https:\/\/rdnews.al\/index.php\/wp-json\/wp\/v2\/posts"}],"about":[{"href":"https:\/\/rdnews.al\/index.php\/wp-json\/wp\/v2\/types\/post"}],"author":[{"embeddable":true,"href":"https:\/\/rdnews.al\/index.php\/wp-json\/wp\/v2\/users\/4"}],"replies":[{"embeddable":true,"href":"https:\/\/rdnews.al\/index.php\/wp-json\/wp\/v2\/comments?post=136079"}],"version-history":[{"count":1,"href":"https:\/\/rdnews.al\/index.php\/wp-json\/wp\/v2\/posts\/136079\/revisions"}],"predecessor-version":[{"id":136081,"href":"https:\/\/rdnews.al\/index.php\/wp-json\/wp\/v2\/posts\/136079\/revisions\/136081"}],"wp:featuredmedia":[{"embeddable":true,"href":"https:\/\/rdnews.al\/index.php\/wp-json\/wp\/v2\/media\/136080"}],"wp:attachment":[{"href":"https:\/\/rdnews.al\/index.php\/wp-json\/wp\/v2\/media?parent=136079"}],"wp:term":[{"taxonomy":"category","embeddable":true,"href":"https:\/\/rdnews.al\/index.php\/wp-json\/wp\/v2\/categories?post=136079"},{"taxonomy":"post_tag","embeddable":true,"href":"https:\/\/rdnews.al\/index.php\/wp-json\/wp\/v2\/tags?post=136079"}],"curies":[{"name":"wp","href":"https:\/\/api.w.org\/{rel}","templated":true}]}}