{"id":136098,"date":"2026-02-14T12:03:32","date_gmt":"2026-02-14T12:03:32","guid":{"rendered":"https:\/\/rdnews.al\/?p=136098"},"modified":"2026-02-14T12:03:32","modified_gmt":"2026-02-14T12:03:32","slug":"ikja-e-agacit-dhe-bizhges-nga-rama-berisha-minjte-ikin-kur-mbytet-anija-por-ligji-do-te-jete-i-pameshire-dhe-ndaj-tyre","status":"publish","type":"post","link":"https:\/\/rdnews.al\/index.php\/2026\/02\/14\/ikja-e-agacit-dhe-bizhges-nga-rama-berisha-minjte-ikin-kur-mbytet-anija-por-ligji-do-te-jete-i-pameshire-dhe-ndaj-tyre\/","title":{"rendered":"Ikja e Aga\u00e7it dhe Bizhg\u00ebs nga Rama\/ Berisha: Minjt\u00eb ikin kur mbytet anija, por ligji do t\u00eb jet\u00eb i pam\u00ebshir\u00eb dhe ndaj tyre"},"content":{"rendered":"<p>Kryetari i PD, Sali Berisha, n\u00eb nj\u00eb bised\u00eb me qytetar\u00eb komentoi ikjen e Don Aga\u00e7it dhe Valbona Bizhg\u00ebs nga qeveria e Edi Ram\u00ebs, duke i p\u00ebrshkruar ata si bashk\u00ebpun\u00ebtor\u00eb t\u00eb p\u00ebrfshir\u00eb n\u00eb veprimtari kriminale dhe pazare t\u00eb dyshimta.<br \/>\nAi theksoi se ligji do t\u00eb veproj\u00eb pa m\u00ebshir\u00eb ndaj tyre dhe shprehu besimin se ata do t\u00eb mbajn\u00eb p\u00ebrgjegj\u00ebsi p\u00ebr veprimet e tyre n\u00eb p\u00ebrputhje me ligjin, duke theksuar nevoj\u00ebn p\u00ebr drejt\u00ebsi dhe nd\u00ebshkim p\u00ebr keqb\u00ebr\u00ebsit q\u00eb veprojn\u00eb n\u00eb d\u00ebm t\u00eb qytetar\u00ebve dhe shtetit.<\/p>\n<p><strong>Mal\u00ebshova: Jan\u00eb nd\u00ebrruar shefi i kabinetet dhe sekretari i P\u00ebrgjithsh\u00ebm n\u00eb kryeministri. A mendoni se jan\u00eb l\u00ebvizje administrative, apo bashk\u00ebpun\u00ebtor\u00ebt po dor\u00ebzohen?<\/strong><\/p>\n<p><strong>Sali Berisha:<\/strong> Ata kan\u00eb kryer krime t\u00eb dy.<br \/>\nJu duhet ta dini se Don Aga\u00e7io \u2018dhurat\u00eb madhi\u2019 \u00ebsht\u00eb nj\u00eb nga koskat mafioze m\u00eb t\u00eb rrezikshme t\u00eb Ballkanit, me veprimtari mafioze kund\u00ebr Shqip\u00ebris\u00eb, shqiptar\u00ebve dhe kund\u00ebr italian\u00ebve dhe shtetit italian.<br \/>\nUn\u00eb kam besim t\u00eb madh se n\u00eb t\u00eb dy vendet, ky mafioz do t\u00eb b\u00ebhet p\u00ebrgjegj\u00ebs para ligjit.<br \/>\nKurse p\u00ebr Vali Bizhg\u00ebn, mund t\u00eb them se, si kurr\u00eb ndonj\u00ebher\u00eb n\u00eb zyr\u00ebn e saj, natyrisht me autorizimi ne Ram\u00ebs, por ajo nuk duhej ta pranonte kurr\u00eb, se shefja e kabinetit i ka t\u00eb qart\u00eb detyrat e veta, b\u00ebheshin pazare p\u00ebr bajpasin e Fierit, t\u00eb cilat un\u00eb i kam denoncuar me koh\u00eb.<br \/>\nThirreshin kompanit\u00eb nga Vali Bizhga, sikur t\u00eb ishte shefe e supervizionit t\u00eb punimeve.<br \/>\nPra t\u00eb dy, jan\u00eb minjt\u00eb q\u00eb ikin kur mbytet anija p\u00ebr t\u00eb mos u mbytur dhe vet\u00eb. Por ligji do t\u00eb jet\u00eb i pam\u00ebshir\u00eb dhe ndaj tyre.<\/p>\n","protected":false},"excerpt":{"rendered":"<p>Kryetari i PD, Sali Berisha, n\u00eb nj\u00eb bised\u00eb me qytetar\u00eb komentoi ikjen e Don Aga\u00e7it dhe Valbona Bizhg\u00ebs nga qeveria e Edi Ram\u00ebs, duke i p\u00ebrshkruar ata si bashk\u00ebpun\u00ebtor\u00eb t\u00eb p\u00ebrfshir\u00eb n\u00eb veprimtari kriminale dhe pazare t\u00eb dyshimta. Ai theksoi se ligji do t\u00eb veproj\u00eb pa m\u00ebshir\u00eb ndaj tyre dhe shprehu besimin se ata do &hellip;<\/p>\n","protected":false},"author":4,"featured_media":136099,"comment_status":"closed","ping_status":"closed","sticky":false,"template":"","format":"standard","meta":{"footnotes":""},"categories":[37],"tags":[],"class_list":["post-136098","post","type-post","status-publish","format-standard","has-post-thumbnail","","category-politike"],"_links":{"self":[{"href":"https:\/\/rdnews.al\/index.php\/wp-json\/wp\/v2\/posts\/136098","targetHints":{"allow":["GET"]}}],"collection":[{"href":"https:\/\/rdnews.al\/index.php\/wp-json\/wp\/v2\/posts"}],"about":[{"href":"https:\/\/rdnews.al\/index.php\/wp-json\/wp\/v2\/types\/post"}],"author":[{"embeddable":true,"href":"https:\/\/rdnews.al\/index.php\/wp-json\/wp\/v2\/users\/4"}],"replies":[{"embeddable":true,"href":"https:\/\/rdnews.al\/index.php\/wp-json\/wp\/v2\/comments?post=136098"}],"version-history":[{"count":1,"href":"https:\/\/rdnews.al\/index.php\/wp-json\/wp\/v2\/posts\/136098\/revisions"}],"predecessor-version":[{"id":136100,"href":"https:\/\/rdnews.al\/index.php\/wp-json\/wp\/v2\/posts\/136098\/revisions\/136100"}],"wp:featuredmedia":[{"embeddable":true,"href":"https:\/\/rdnews.al\/index.php\/wp-json\/wp\/v2\/media\/136099"}],"wp:attachment":[{"href":"https:\/\/rdnews.al\/index.php\/wp-json\/wp\/v2\/media?parent=136098"}],"wp:term":[{"taxonomy":"category","embeddable":true,"href":"https:\/\/rdnews.al\/index.php\/wp-json\/wp\/v2\/categories?post=136098"},{"taxonomy":"post_tag","embeddable":true,"href":"https:\/\/rdnews.al\/index.php\/wp-json\/wp\/v2\/tags?post=136098"}],"curies":[{"name":"wp","href":"https:\/\/api.w.org\/{rel}","templated":true}]}}