{"id":136101,"date":"2026-02-14T12:06:07","date_gmt":"2026-02-14T12:06:07","guid":{"rendered":"https:\/\/rdnews.al\/?p=136101"},"modified":"2026-02-14T12:06:07","modified_gmt":"2026-02-14T12:06:07","slug":"berisha-rama-edhe-mund-te-shkoje-te-bordi-i-paqes-por-shkon-hajdut-dhe-kthehet-hajdut","status":"publish","type":"post","link":"https:\/\/rdnews.al\/index.php\/2026\/02\/14\/berisha-rama-edhe-mund-te-shkoje-te-bordi-i-paqes-por-shkon-hajdut-dhe-kthehet-hajdut\/","title":{"rendered":"Berisha: Rama edhe mund t\u00eb shkoj\u00eb te Bordi i Paqes, por shkon hajdut dhe kthehet hajdut!"},"content":{"rendered":"<p>Kreu i PD, komentoi q\u00ebndrimet dhe veprimet e Edi Ram\u00ebs, duke theksuar se kryeministri nuk mbron interesin publik, por vet\u00ebm veten e tij.<br \/>\nBerisha tha se, Rama edhe mund t\u00eb shkoj\u00eb te Bordi i Paqes, por shkon hajdut dhe kthehet hajdut.<\/p>\n<p><strong>Muharrem Kurti: Doktor, p\u00ebrsh\u00ebndetje, deri kur Rama do t\u00eb mbroj\u00eb Lubin\u00eb? E para. Dhe e dyta, Ramziu, a e kalon oqeanin m\u00eb 19 shkurt?<\/strong><\/p>\n<p><strong>Sali Berisha:<\/strong> E v\u00ebrteta \u00ebsht\u00eb q\u00eb ky nuk mbron Lubin\u00eb, ky mbron veten e tij. Se p\u00ebr Lubin\u00eb ky, n\u00eb mesnat\u00eb, vaj t\u00eb nxeht\u00eb apo plumb t\u00eb shkrir\u00eb, do ia kishte hedhur n\u00eb vesh. Si\u00e7 thot\u00eb populli, se un\u00eb natyrisht jam kund\u00ebr tyre, por k\u00ebta nuk kan\u00eb m\u00ebshir\u00eb.<br \/>\nPra do e kishte eliminuar, e kam fjal\u00ebn k\u00ebtu.<br \/>\nMos kujtoni, se i p\u00ebrhap lajmet, por nuk po hyj tani n\u00eb gosipin popullor se \u00e7far\u00eb thot\u00eb, pra ai nuk po mbron Lubin\u00eb, por po mbron veten e tij, sepse n\u00eb \u00e7do firm\u00eb t\u00eb Lubis\u00eb \u00ebsht\u00eb firma e Edi Ram\u00ebs dhe e di fare mir\u00eb q\u00eb ai e ndjek mbrapa, se edhe ajo i ka th\u00ebn\u00eb t\u00eb marr.<br \/>\nPrandaj po b\u00ebn ligjin tani q\u00eb kryeministri nuk mund t\u00eb pezullohet. Kjo tregon se ku e ka lepurin ai.<br \/>\nK\u00ebshtu q\u00eb Edi Rama, do p\u00ebrpiqet t\u00eb kaloj\u00eb ligjin n\u00eb parlament dhe do ta l\u00ebshoj\u00eb Lubin\u00eb.<br \/>\nTani, lidhur me udh\u00ebtimet e tij. Tani t\u00eb them un\u00eb, e thash\u00eb edhe kur shkoi n\u00eb Bruksel, Edi Rama kudo q\u00eb t\u00eb hyj\u00eb, kudo q\u00eb t\u00eb dal\u00eb, hyn dhe del si kryetari i nj\u00eb organizate kriminale.<br \/>\nDuhet t\u00eb kuptojm\u00eb q\u00eb n\u00eb nism\u00ebn e Bordit t\u00eb Paqes \u00ebsht\u00eb e ftuar Shqip\u00ebria, dhe Shqip\u00ebria p\u00ebr fatin e saj m\u00eb t\u00eb keq, ka n\u00eb krye nj\u00eb njeri si ky.<br \/>\nA mund t\u00eb shkoj\u00eb Haram Begaj? Nuk e l\u00eb ky Haram Begajn t\u00eb shkoj\u00eb, ndaj edhe mund t\u00eb shkoj\u00eb n\u00eb at\u00eb takim, por shkon hajdut dhe kthehet hajdut.<\/p>\n","protected":false},"excerpt":{"rendered":"<p>Kreu i PD, komentoi q\u00ebndrimet dhe veprimet e Edi Ram\u00ebs, duke theksuar se kryeministri nuk mbron interesin publik, por vet\u00ebm veten e tij. Berisha tha se, Rama edhe mund t\u00eb shkoj\u00eb te Bordi i Paqes, por shkon hajdut dhe kthehet hajdut. Muharrem Kurti: Doktor, p\u00ebrsh\u00ebndetje, deri kur Rama do t\u00eb mbroj\u00eb Lubin\u00eb? E para. Dhe &hellip;<\/p>\n","protected":false},"author":4,"featured_media":136102,"comment_status":"closed","ping_status":"closed","sticky":false,"template":"","format":"standard","meta":{"footnotes":""},"categories":[37],"tags":[],"class_list":["post-136101","post","type-post","status-publish","format-standard","has-post-thumbnail","","category-politike"],"_links":{"self":[{"href":"https:\/\/rdnews.al\/index.php\/wp-json\/wp\/v2\/posts\/136101","targetHints":{"allow":["GET"]}}],"collection":[{"href":"https:\/\/rdnews.al\/index.php\/wp-json\/wp\/v2\/posts"}],"about":[{"href":"https:\/\/rdnews.al\/index.php\/wp-json\/wp\/v2\/types\/post"}],"author":[{"embeddable":true,"href":"https:\/\/rdnews.al\/index.php\/wp-json\/wp\/v2\/users\/4"}],"replies":[{"embeddable":true,"href":"https:\/\/rdnews.al\/index.php\/wp-json\/wp\/v2\/comments?post=136101"}],"version-history":[{"count":1,"href":"https:\/\/rdnews.al\/index.php\/wp-json\/wp\/v2\/posts\/136101\/revisions"}],"predecessor-version":[{"id":136103,"href":"https:\/\/rdnews.al\/index.php\/wp-json\/wp\/v2\/posts\/136101\/revisions\/136103"}],"wp:featuredmedia":[{"embeddable":true,"href":"https:\/\/rdnews.al\/index.php\/wp-json\/wp\/v2\/media\/136102"}],"wp:attachment":[{"href":"https:\/\/rdnews.al\/index.php\/wp-json\/wp\/v2\/media?parent=136101"}],"wp:term":[{"taxonomy":"category","embeddable":true,"href":"https:\/\/rdnews.al\/index.php\/wp-json\/wp\/v2\/categories?post=136101"},{"taxonomy":"post_tag","embeddable":true,"href":"https:\/\/rdnews.al\/index.php\/wp-json\/wp\/v2\/tags?post=136101"}],"curies":[{"name":"wp","href":"https:\/\/api.w.org\/{rel}","templated":true}]}}