{"id":136104,"date":"2026-02-14T17:25:36","date_gmt":"2026-02-14T17:25:36","guid":{"rendered":"https:\/\/rdnews.al\/?p=136104"},"modified":"2026-02-14T17:25:36","modified_gmt":"2026-02-14T17:25:36","slug":"policia-e-shtetit-nuk-mund-te-jete-arrestuesja-e-qytetareve-qe-protestojne","status":"publish","type":"post","link":"https:\/\/rdnews.al\/index.php\/2026\/02\/14\/policia-e-shtetit-nuk-mund-te-jete-arrestuesja-e-qytetareve-qe-protestojne\/","title":{"rendered":"Policia e shtetit nuk mund t\u00eb jet\u00eb arrestuesja e qytetar\u00ebve q\u00eb protestojn\u00eb"},"content":{"rendered":"<div id=\"rekl-49\">Deputeti i PD, Lu\u00e7iano Bo\u00e7i, nj\u00ebher\u00ebsh i deleguari politik i PD n\u00eb Shkod\u00ebr, ka reaguar n\u00eb lidhje me arrestimet e banor\u00ebve t\u00eb Baks Rrjolit q\u00eb jan\u00eb n\u00eb mbrojtje t\u00eb pron\u00ebs s\u00eb tyre.<\/div>\n<div class=\"readmore-text-here\">\n<p><strong>Reagimi i Lu\u00e7iano Bo\u00e7it<\/strong><\/p>\n<p>Policia e shtetit nuk mund t\u00eb jet\u00eb arrestuesja e qytetar\u00ebve q\u00eb protestojn\u00eb.<\/p>\n<p>Banor\u00ebt e Baks Rrjoll-it kan\u00eb t\u00eb drejt\u00ebn e tyre t\u00eb k\u00ebrkojn\u00eb marr\u00ebveshje, sikurse t\u00eb ndjekin hapat ligjor\u00eb p\u00ebr pretendimet pron\u00ebsore.<\/p>\n<p>\u00c7do akt dhune ndaj tyre \u00ebsht\u00eb i patoleruesh\u00ebm.<\/p>\n<p>\u00c7do qytetar i ndaluar dhe i arrestuar duhet t\u00eb lirohet menj\u00ebher\u00eb.<\/p>\n<p><iframe loading=\"lazy\" src=\"https:\/\/www.facebook.com\/plugins\/post.php?href=https%3A%2F%2Fwww.facebook.com%2Flucianobocipd%2Fposts%2Fpfbid0s5Pu7X49LhqKP1hXzpm7drssmfLZrNZPhNEx1peVx8b5tynTnZWuEoi2dYkgKKp8l&amp;show_text=true&amp;width=500\" width=\"500\" height=\"715\" frameborder=\"0\" scrolling=\"no\" allowfullscreen=\"allowfullscreen\" data-mce-fragment=\"1\"><\/iframe><\/p>\n<\/div>\n","protected":false},"excerpt":{"rendered":"<p>Deputeti i PD, Lu\u00e7iano Bo\u00e7i, nj\u00ebher\u00ebsh i deleguari politik i PD n\u00eb Shkod\u00ebr, ka reaguar n\u00eb lidhje me arrestimet e banor\u00ebve t\u00eb Baks Rrjolit q\u00eb jan\u00eb n\u00eb mbrojtje t\u00eb pron\u00ebs s\u00eb tyre. Reagimi i Lu\u00e7iano Bo\u00e7it Policia e shtetit nuk mund t\u00eb jet\u00eb arrestuesja e qytetar\u00ebve q\u00eb protestojn\u00eb. Banor\u00ebt e Baks Rrjoll-it kan\u00eb t\u00eb drejt\u00ebn &hellip;<\/p>\n","protected":false},"author":4,"featured_media":136105,"comment_status":"closed","ping_status":"closed","sticky":false,"template":"","format":"standard","meta":{"footnotes":""},"categories":[37],"tags":[],"class_list":["post-136104","post","type-post","status-publish","format-standard","has-post-thumbnail","","category-politike"],"_links":{"self":[{"href":"https:\/\/rdnews.al\/index.php\/wp-json\/wp\/v2\/posts\/136104","targetHints":{"allow":["GET"]}}],"collection":[{"href":"https:\/\/rdnews.al\/index.php\/wp-json\/wp\/v2\/posts"}],"about":[{"href":"https:\/\/rdnews.al\/index.php\/wp-json\/wp\/v2\/types\/post"}],"author":[{"embeddable":true,"href":"https:\/\/rdnews.al\/index.php\/wp-json\/wp\/v2\/users\/4"}],"replies":[{"embeddable":true,"href":"https:\/\/rdnews.al\/index.php\/wp-json\/wp\/v2\/comments?post=136104"}],"version-history":[{"count":1,"href":"https:\/\/rdnews.al\/index.php\/wp-json\/wp\/v2\/posts\/136104\/revisions"}],"predecessor-version":[{"id":136106,"href":"https:\/\/rdnews.al\/index.php\/wp-json\/wp\/v2\/posts\/136104\/revisions\/136106"}],"wp:featuredmedia":[{"embeddable":true,"href":"https:\/\/rdnews.al\/index.php\/wp-json\/wp\/v2\/media\/136105"}],"wp:attachment":[{"href":"https:\/\/rdnews.al\/index.php\/wp-json\/wp\/v2\/media?parent=136104"}],"wp:term":[{"taxonomy":"category","embeddable":true,"href":"https:\/\/rdnews.al\/index.php\/wp-json\/wp\/v2\/categories?post=136104"},{"taxonomy":"post_tag","embeddable":true,"href":"https:\/\/rdnews.al\/index.php\/wp-json\/wp\/v2\/tags?post=136104"}],"curies":[{"name":"wp","href":"https:\/\/api.w.org\/{rel}","templated":true}]}}