{"id":136107,"date":"2026-02-14T17:32:34","date_gmt":"2026-02-14T17:32:34","guid":{"rendered":"https:\/\/rdnews.al\/?p=136107"},"modified":"2026-02-14T17:32:34","modified_gmt":"2026-02-14T17:32:34","slug":"protestuan-kunder-rames-ne-durres-ndalohen-nga-policia-disa-qytetare","status":"publish","type":"post","link":"https:\/\/rdnews.al\/index.php\/2026\/02\/14\/protestuan-kunder-rames-ne-durres-ndalohen-nga-policia-disa-qytetare\/","title":{"rendered":"Protestuan kund\u00ebr Ram\u00ebs n\u00eb Durr\u00ebs, ndalohen nga policia disa qytetar\u00eb"},"content":{"rendered":"<p>Disa persona jan\u00eb shoq\u00ebruar nga Policia e Durr\u00ebsit gjat\u00eb protest\u00ebs s\u00eb zhvilluar jasht\u00eb ambienteve t\u00eb Bashkise Durr\u00ebs, n\u00eb momentin kur Kryeministri Edi Rama po largohej pas takimit me banor\u00ebt e prekur nga projekti TID.<\/p>\n<p>Qytetar\u00ebt e prit\u00ebn me thirrjet \u201cRama ik\u201d dhe tentuan t\u2019i afrohen automjetit t\u00eb tij p\u00ebr t\u00eb shprehur kund\u00ebrshtimin ndaj projektit, i cili parashikon prishjen e nj\u00eb numri banesash n\u00eb zon\u00ebn pran\u00eb amfiteatrit, por jan\u00eb ndaluar nga policia, ku 5 prej tyre jan\u00eb shoq\u00ebruar n\u00eb komisariat.<\/p>\n<p>Protesta erdhi pas takimit mbi dy or\u00eb mes Kryeministrit dhe p\u00ebrfaq\u00ebsuesve t\u00eb familjeve t\u00eb prekura. Banor\u00ebt deklaruan se projekti do t\u00eb zbatohet pa rishikim dhe se atyre u jan\u00eb paraqitur vet\u00ebm opsionet e kompensimit dhe strehimit.<\/p>\n<p>Projekti TID \u00ebsht\u00eb nj\u00eb\u00a0nism\u00eb e qeveris\u00eb shqiptare q\u00eb synon t\u00eb kthej\u00eb zon\u00ebn arkeologjike t\u00eb qytetit n\u00eb nj\u00eb park t\u00eb madh urban.<\/p>\n<p>Bashkia e Durr\u00ebsit ka lajm\u00ebruar se m\u00eb 16 shkurt duhet t\u00eb largohen vullnetarisht nga banesa p\u00ebr t\u00eb vijuar me realizimin e Projektit TID.<\/p>\n","protected":false},"excerpt":{"rendered":"<p>Disa persona jan\u00eb shoq\u00ebruar nga Policia e Durr\u00ebsit gjat\u00eb protest\u00ebs s\u00eb zhvilluar jasht\u00eb ambienteve t\u00eb Bashkise Durr\u00ebs, n\u00eb momentin kur Kryeministri Edi Rama po largohej pas takimit me banor\u00ebt e prekur nga projekti TID. Qytetar\u00ebt e prit\u00ebn me thirrjet \u201cRama ik\u201d dhe tentuan t\u2019i afrohen automjetit t\u00eb tij p\u00ebr t\u00eb shprehur kund\u00ebrshtimin ndaj projektit, i &hellip;<\/p>\n","protected":false},"author":4,"featured_media":136108,"comment_status":"closed","ping_status":"closed","sticky":false,"template":"","format":"standard","meta":{"footnotes":""},"categories":[37],"tags":[],"class_list":["post-136107","post","type-post","status-publish","format-standard","has-post-thumbnail","","category-politike"],"_links":{"self":[{"href":"https:\/\/rdnews.al\/index.php\/wp-json\/wp\/v2\/posts\/136107","targetHints":{"allow":["GET"]}}],"collection":[{"href":"https:\/\/rdnews.al\/index.php\/wp-json\/wp\/v2\/posts"}],"about":[{"href":"https:\/\/rdnews.al\/index.php\/wp-json\/wp\/v2\/types\/post"}],"author":[{"embeddable":true,"href":"https:\/\/rdnews.al\/index.php\/wp-json\/wp\/v2\/users\/4"}],"replies":[{"embeddable":true,"href":"https:\/\/rdnews.al\/index.php\/wp-json\/wp\/v2\/comments?post=136107"}],"version-history":[{"count":1,"href":"https:\/\/rdnews.al\/index.php\/wp-json\/wp\/v2\/posts\/136107\/revisions"}],"predecessor-version":[{"id":136109,"href":"https:\/\/rdnews.al\/index.php\/wp-json\/wp\/v2\/posts\/136107\/revisions\/136109"}],"wp:featuredmedia":[{"embeddable":true,"href":"https:\/\/rdnews.al\/index.php\/wp-json\/wp\/v2\/media\/136108"}],"wp:attachment":[{"href":"https:\/\/rdnews.al\/index.php\/wp-json\/wp\/v2\/media?parent=136107"}],"wp:term":[{"taxonomy":"category","embeddable":true,"href":"https:\/\/rdnews.al\/index.php\/wp-json\/wp\/v2\/categories?post=136107"},{"taxonomy":"post_tag","embeddable":true,"href":"https:\/\/rdnews.al\/index.php\/wp-json\/wp\/v2\/tags?post=136107"}],"curies":[{"name":"wp","href":"https:\/\/api.w.org\/{rel}","templated":true}]}}