{"id":136117,"date":"2026-02-15T21:45:35","date_gmt":"2026-02-15T21:45:35","guid":{"rendered":"https:\/\/rdnews.al\/?p=136117"},"modified":"2026-02-15T21:45:35","modified_gmt":"2026-02-15T21:45:35","slug":"ramen-nuk-e-shpeton-asnje-foto-ceremoniale-ne-uashington","status":"publish","type":"post","link":"https:\/\/rdnews.al\/index.php\/2026\/02\/15\/ramen-nuk-e-shpeton-asnje-foto-ceremoniale-ne-uashington\/","title":{"rendered":"Ram\u00ebn nuk e shp\u00ebton asnj\u00eb foto ceremoniale n\u00eb Uashington"},"content":{"rendered":"<div class=\"xdj266r x14z9mp xat24cr x1lziwak x1vvkbs x126k92a\">\n<div dir=\"auto\"><strong>Gazment BARDHI<\/strong><\/div>\n<div dir=\"auto\"><\/div>\n<div dir=\"auto\">Kur frika nga humbja e pushtetit b\u00ebhet parim; fotografit\u00eb ceremoniale as nuk krijojn\u00eb imunitet politik, as nuk z\u00ebvend\u00ebsojn\u00eb ligjin.<\/div>\n<\/div>\n<div class=\"x14z9mp xat24cr x1lziwak x1vvkbs xtlvy1s x126k92a\">\n<div dir=\"auto\">Edi Rama po p\u00ebrpiqet ta shnd\u00ebrroj\u00eb nj\u00eb hetim penal ndaj Belinda Ballukut n\u00eb nj\u00eb debat teorik p\u00ebr ndarjen e pushteteve. Por kjo nuk \u00ebsht\u00eb \u00e7\u00ebshtje parimi. \u00cbsht\u00eb \u00e7\u00ebshtje frike.<\/div>\n<\/div>\n<div class=\"x14z9mp xat24cr x1lziwak x1vvkbs xtlvy1s x126k92a\">\n<div dir=\"auto\">Ligji \u00ebsht\u00eb i qart\u00eb: pezullimi nga detyra \u00ebsht\u00eb mas\u00eb e parashikuar n\u00eb Kod. Ai nuk shkarkon ministrin, nuk paralizon shtetin, nuk prek institucionin. Ndalon p\u00ebrkoh\u00ebsisht personin n\u00ebn hetim t\u00eb ushtroj\u00eb funksionin, p\u00ebr t\u00eb mbrojtur procesin penal.<\/div>\n<\/div>\n<div class=\"x14z9mp xat24cr x1lziwak x1vvkbs xtlvy1s x126k92a\">\n<div dir=\"auto\">T\u00eb thuash se \u201cpezullohet funksioni\u201d \u00ebsht\u00eb deformim i q\u00ebllimsh\u00ebm. Gjykata nuk pezullon qeverin\u00eb. Pezullon nj\u00eb individ nga ushtrimi i detyr\u00ebs.<\/div>\n<\/div>\n<div class=\"x14z9mp xat24cr x1lziwak x1vvkbs xtlvy1s x126k92a\">\n<div dir=\"auto\">N\u00eb BE dhe n\u00eb SHBA, kur nj\u00eb zyrtar p\u00ebrfshihet n\u00eb hetim p\u00ebr korrupsion, ai largohet. Jep dor\u00ebheqjen. Nuk ndryshon ligjin p\u00ebr t\u00eb mbrojtur veten, si\u00e7 po b\u00ebn Edi Rama. Prandaj, firmosja prej tij e ndryshimit t\u00eb ligjit pik\u00ebrisht n\u00eb momentin kur Parlamenti duhet t\u00eb shqyrtoj\u00eb k\u00ebrkes\u00ebn p\u00ebr arrest t\u00eb Belinda Ballukut, nuk ka t\u00eb b\u00ebj\u00eb me ndonj\u00eb parim kushtetues. \u00cbsht\u00eb nd\u00ebrhyrje politike p\u00ebr t\u00eb dob\u00ebsuar hetimin dhe p\u00ebr t\u00eb krijuar nj\u00eb imunitet t\u00eb ri p\u00ebr pushtetin.<\/div>\n<\/div>\n<div class=\"x14z9mp xat24cr x1lziwak x1vvkbs xtlvy1s x126k92a\">\n<div dir=\"auto\">Por thelbi sot nuk \u00ebsht\u00eb vet\u00ebm pezullimi. Thelbi \u00ebsht\u00eb k\u00ebrkesa p\u00ebr arrest e Belinda Ballukut, q\u00eb ndodhet n\u00eb Kuvend prej gati dy muajsh dhe trajtohet nga Edi Rama sikur nuk ekziston.<\/div>\n<\/div>\n<div class=\"x14z9mp xat24cr x1lziwak x1vvkbs xtlvy1s x126k92a\">\n<div dir=\"auto\">P\u00ebrfaq\u00ebsuesit e BE-s\u00eb dhe SHBA-s\u00eb kan\u00eb qen\u00eb t\u00eb qart\u00eb: procedura duhet t\u00eb vazhdoj\u00eb pa vones\u00eb. K\u00ebshilli i Mandateve duhet t\u00eb mblidhet. Parlamenti duhet t\u00eb votoj\u00eb.<\/div>\n<\/div>\n<div class=\"x14z9mp xat24cr x1lziwak x1vvkbs xtlvy1s x126k92a\">\n<div dir=\"auto\">Respekti nd\u00ebrkomb\u00ebtar nuk fitohet me fotografi protokollare. Ai fitohet me respekt p\u00ebr shtetin ligjor.<\/div>\n<div dir=\"auto\">Sepse n\u00ebse pengon drejt\u00ebsin\u00eb n\u00eb Tiran\u00eb, nuk t\u00eb shp\u00ebton asnj\u00eb foto ceremoniale n\u00eb Uashington.<\/div>\n<\/div>\n","protected":false},"excerpt":{"rendered":"<p>Gazment BARDHI Kur frika nga humbja e pushtetit b\u00ebhet parim; fotografit\u00eb ceremoniale as nuk krijojn\u00eb imunitet politik, as nuk z\u00ebvend\u00ebsojn\u00eb ligjin. Edi Rama po p\u00ebrpiqet ta shnd\u00ebrroj\u00eb nj\u00eb hetim penal ndaj Belinda Ballukut n\u00eb nj\u00eb debat teorik p\u00ebr ndarjen e pushteteve. Por kjo nuk \u00ebsht\u00eb \u00e7\u00ebshtje parimi. \u00cbsht\u00eb \u00e7\u00ebshtje frike. Ligji \u00ebsht\u00eb i qart\u00eb: pezullimi &hellip;<\/p>\n","protected":false},"author":3,"featured_media":131913,"comment_status":"closed","ping_status":"closed","sticky":false,"template":"","format":"standard","meta":{"footnotes":""},"categories":[37],"tags":[],"class_list":["post-136117","post","type-post","status-publish","format-standard","has-post-thumbnail","","category-politike"],"_links":{"self":[{"href":"https:\/\/rdnews.al\/index.php\/wp-json\/wp\/v2\/posts\/136117","targetHints":{"allow":["GET"]}}],"collection":[{"href":"https:\/\/rdnews.al\/index.php\/wp-json\/wp\/v2\/posts"}],"about":[{"href":"https:\/\/rdnews.al\/index.php\/wp-json\/wp\/v2\/types\/post"}],"author":[{"embeddable":true,"href":"https:\/\/rdnews.al\/index.php\/wp-json\/wp\/v2\/users\/3"}],"replies":[{"embeddable":true,"href":"https:\/\/rdnews.al\/index.php\/wp-json\/wp\/v2\/comments?post=136117"}],"version-history":[{"count":1,"href":"https:\/\/rdnews.al\/index.php\/wp-json\/wp\/v2\/posts\/136117\/revisions"}],"predecessor-version":[{"id":136118,"href":"https:\/\/rdnews.al\/index.php\/wp-json\/wp\/v2\/posts\/136117\/revisions\/136118"}],"wp:featuredmedia":[{"embeddable":true,"href":"https:\/\/rdnews.al\/index.php\/wp-json\/wp\/v2\/media\/131913"}],"wp:attachment":[{"href":"https:\/\/rdnews.al\/index.php\/wp-json\/wp\/v2\/media?parent=136117"}],"wp:term":[{"taxonomy":"category","embeddable":true,"href":"https:\/\/rdnews.al\/index.php\/wp-json\/wp\/v2\/categories?post=136117"},{"taxonomy":"post_tag","embeddable":true,"href":"https:\/\/rdnews.al\/index.php\/wp-json\/wp\/v2\/tags?post=136117"}],"curies":[{"name":"wp","href":"https:\/\/api.w.org\/{rel}","templated":true}]}}