{"id":136119,"date":"2026-02-15T21:49:35","date_gmt":"2026-02-15T21:49:35","guid":{"rendered":"https:\/\/rdnews.al\/?p=136119"},"modified":"2026-02-15T21:49:35","modified_gmt":"2026-02-15T21:49:35","slug":"brukseli-kunder-bodit-te-paqes-te-trump","status":"publish","type":"post","link":"https:\/\/rdnews.al\/index.php\/2026\/02\/15\/brukseli-kunder-bodit-te-paqes-te-trump\/","title":{"rendered":"Brukseli kund\u00ebr &#8220;Bodit t\u00eb Paqes&#8221; t\u00eb Trump"},"content":{"rendered":"<p>Udh\u00ebheq\u00ebsit evropian\u00eb kritikuan \u201cBordin e Paqes\u201d t\u00eb presidentit t\u00eb SHBA- s\u00eb Donald Trump p\u00ebr anashkalimin e mandatit t\u00eb OKB-s\u00eb q\u00eb mb\u00ebshteti krijimin e tij t\u00eb premten.<\/p>\n<p>N\u00eb Konferenc\u00ebn e Siguris\u00eb n\u00eb Mynih, P\u00ebrfaq\u00ebsuesja e Lart\u00eb e BE-s\u00eb p\u00ebr Pun\u00ebt e Jashtme, Kaja Kallas, akuzoi Trumpin se po e p\u00ebrdor Bordin e Paqes si nj\u00eb mjet personal.<\/p>\n<p>B\u00ebhet e ditur se Trump e zbuloi iniciativ\u00ebn n\u00eb Forumin Ekonomik Bot\u00ebror n\u00eb Zvic\u00ebr muajin e kaluar.<\/p>\n<p>Bordi p\u00ebrfshin pothuajse t\u00eb gjitha vendet kryesore t\u00eb Lindjes s\u00eb Mesme si an\u00ebtar\u00eb, duke p\u00ebrfshir\u00eb Katarin, Emiratet e Bashkuara Arabe, Arabin\u00eb Saudite dhe Turqin\u00eb.\u00a0Pakistani, Armenia, Azerbajxhani dhe Indonezia jan\u00eb gjithashtu an\u00ebtar\u00eb.<\/p>\n<p>Teksti i kart\u00ebs s\u00eb saj i jep Trumpit kompetenca t\u00eb gjera si kryetar, duke i lejuar atij t\u00eb em\u00ebroj\u00eb dhe shkarkoj\u00eb shtetet an\u00ebtare &#8211; nj\u00eb vendim q\u00eb mund t\u00eb rr\u00ebzohet vet\u00ebm me shumic\u00eb prej dy t\u00eb tretash.<\/p>\n<p>Kallas tha se nd\u00ebrsa nj\u00eb rezolut\u00eb e K\u00ebshillit t\u00eb Sigurimit t\u00eb OKB-s\u00eb i dha bordit nj\u00eb mandat p\u00ebr t\u00eb menaxhuar qeverisjen dhe rind\u00ebrtimin e Gaz\u00ebs pas luft\u00ebs, organi i Trumpit nuk b\u00ebn asnj\u00eb referenc\u00eb p\u00ebr Gaz\u00ebn ose OKB-n\u00eb.<\/p>\n<p>Ajo shtoi se rezoluta origjinale p\u00ebrcaktonte q\u00eb bordi do t\u00eb ishte \u201ci kufizuar n\u00eb koh\u00eb\u201d, se u jepte palestinez\u00ebve mund\u00ebsin\u00eb t\u00eb flisnin dhe se i referohej shprehimisht Gaz\u00ebs.<\/p>\n<p>\u201cStatuti p\u00ebr Bordin e Paqes nuk i referohet asnj\u00ebr\u00ebs prej k\u00ebtyre gj\u00ebrave\u201d, tha Kallas.<\/p>\n<p>Ministri i Jasht\u00ebm i Spanj\u00ebs, Jose Manuel Albares, ngriti shqet\u00ebsime t\u00eb ngjashme, duke v\u00ebn\u00eb n\u00eb dukje se Evropa &#8211; nj\u00eb nga financuesit kryesor\u00eb t\u00eb Autoritetit Palestinez &#8211; ishte p\u00ebrjashtuar nga iniciativa.<\/p>\n<p>Senatori demokrat amerikan Chris Murphy kritikoi gjithashtu &#8220;Bordin e nxituar t\u00eb Paqes&#8221;.<\/p>\n<p>Sipas Murphyt, Trump po d\u00ebshton ta p\u00ebrdor\u00eb ndikimin e tij mbi Izraelin p\u00ebr t\u00eb nxitur hyrjen e ndihm\u00ebs n\u00eb Gaza, rind\u00ebrtimin dhe vet\u00ebqeverisjen e saj.<strong>\u00a0<\/strong><\/p>\n","protected":false},"excerpt":{"rendered":"<p>Udh\u00ebheq\u00ebsit evropian\u00eb kritikuan \u201cBordin e Paqes\u201d t\u00eb presidentit t\u00eb SHBA- s\u00eb Donald Trump p\u00ebr anashkalimin e mandatit t\u00eb OKB-s\u00eb q\u00eb mb\u00ebshteti krijimin e tij t\u00eb premten. N\u00eb Konferenc\u00ebn e Siguris\u00eb n\u00eb Mynih, P\u00ebrfaq\u00ebsuesja e Lart\u00eb e BE-s\u00eb p\u00ebr Pun\u00ebt e Jashtme, Kaja Kallas, akuzoi Trumpin se po e p\u00ebrdor Bordin e Paqes si nj\u00eb mjet &hellip;<\/p>\n","protected":false},"author":3,"featured_media":136120,"comment_status":"closed","ping_status":"closed","sticky":false,"template":"","format":"standard","meta":{"footnotes":""},"categories":[37],"tags":[],"class_list":["post-136119","post","type-post","status-publish","format-standard","has-post-thumbnail","","category-politike"],"_links":{"self":[{"href":"https:\/\/rdnews.al\/index.php\/wp-json\/wp\/v2\/posts\/136119","targetHints":{"allow":["GET"]}}],"collection":[{"href":"https:\/\/rdnews.al\/index.php\/wp-json\/wp\/v2\/posts"}],"about":[{"href":"https:\/\/rdnews.al\/index.php\/wp-json\/wp\/v2\/types\/post"}],"author":[{"embeddable":true,"href":"https:\/\/rdnews.al\/index.php\/wp-json\/wp\/v2\/users\/3"}],"replies":[{"embeddable":true,"href":"https:\/\/rdnews.al\/index.php\/wp-json\/wp\/v2\/comments?post=136119"}],"version-history":[{"count":1,"href":"https:\/\/rdnews.al\/index.php\/wp-json\/wp\/v2\/posts\/136119\/revisions"}],"predecessor-version":[{"id":136121,"href":"https:\/\/rdnews.al\/index.php\/wp-json\/wp\/v2\/posts\/136119\/revisions\/136121"}],"wp:featuredmedia":[{"embeddable":true,"href":"https:\/\/rdnews.al\/index.php\/wp-json\/wp\/v2\/media\/136120"}],"wp:attachment":[{"href":"https:\/\/rdnews.al\/index.php\/wp-json\/wp\/v2\/media?parent=136119"}],"wp:term":[{"taxonomy":"category","embeddable":true,"href":"https:\/\/rdnews.al\/index.php\/wp-json\/wp\/v2\/categories?post=136119"},{"taxonomy":"post_tag","embeddable":true,"href":"https:\/\/rdnews.al\/index.php\/wp-json\/wp\/v2\/tags?post=136119"}],"curies":[{"name":"wp","href":"https:\/\/api.w.org\/{rel}","templated":true}]}}