{"id":136125,"date":"2026-02-15T21:56:06","date_gmt":"2026-02-15T21:56:06","guid":{"rendered":"https:\/\/rdnews.al\/?p=136125"},"modified":"2026-02-15T22:01:03","modified_gmt":"2026-02-15T22:01:03","slug":"rama-konfirmon-grushtin-e-shetit-do-ndryshoj-ligjin-per-te-mos-lejuar-hetimin-e-ministrave","status":"publish","type":"post","link":"https:\/\/rdnews.al\/index.php\/2026\/02\/15\/rama-konfirmon-grushtin-e-shetit-do-ndryshoj-ligjin-per-te-mos-lejuar-hetimin-e-ministrave\/","title":{"rendered":"Rama konfirmon Grushtin e Shetit\/ &#8220;Do ndryshoj ligjin p\u00ebr t\u00eb mos lejuar hetimin e ministrave&#8221;"},"content":{"rendered":"<p>Rama nuk do t\u00eb lejoj\u00eb arrestimin e Ballukut duke sfiduar hapur drejt\u00ebsin\u00eb dhe duke i shkuar deri n\u00eb fund &#8220;Grushtit t\u00eb Shtetit&#8221;.<\/p>\n<p>Ashtu si\u00e7 e kishte paralajm\u00ebruar, kryeministri Edi Rama tha se dit\u00ebn e h\u00ebn\u00eb s\u00eb bashku me Taulant Ball\u00ebn dhe Ulsi Manj\u00ebn do t\u00eb prezantojn\u00eb nism\u00ebn p\u00ebr ndryshimet ligjore q\u00eb synojn\u00eb mbrojtjen e ministrave nga masa e pezullimit nga detyra. Kjo l\u00ebvizje e qeveris\u00eb vjen pas vendimit t\u00eb Gjykat\u00ebs Kushtetuese q\u00eb la n\u00eb fuqi vendimin e GJKKO p\u00ebr pezullimin e Belinda Ballukut nga detyra.<\/p>\n<p>\u201cT\u00eb h\u00ebn\u00ebn n\u00eb cil\u00ebsin\u00eb e deputetit, un\u00eb si deputet, s\u00eb bashku me kryetarin e grupit Taulant Balla dhe kryetarit t\u00eb komisionit t\u00eb ligjeve, Ulsi Manja do t\u00eb depozitojm\u00eb nism\u00ebn p\u00ebr t\u00eb adresuar boshll\u00ebkun. Nisma do t&#8217;i paraqitet grupit parlamentar, dit\u00ebn e h\u00ebn\u00eb n\u00eb m\u00ebngjes dhe do jet\u00eb transparente p\u00ebr opinionin publik, pasi do t\u00eb b\u00ebhet me prani t\u00eb medias\u201d, tha Rama n\u00eb podkastin\u00a0 &#8220;Flasim&#8221;.<\/p>\n","protected":false},"excerpt":{"rendered":"<p>Rama nuk do t\u00eb lejoj\u00eb arrestimin e Ballukut duke sfiduar hapur drejt\u00ebsin\u00eb dhe duke i shkuar deri n\u00eb fund &#8220;Grushtit t\u00eb Shtetit&#8221;. Ashtu si\u00e7 e kishte paralajm\u00ebruar, kryeministri Edi Rama tha se dit\u00ebn e h\u00ebn\u00eb s\u00eb bashku me Taulant Ball\u00ebn dhe Ulsi Manj\u00ebn do t\u00eb prezantojn\u00eb nism\u00ebn p\u00ebr ndryshimet ligjore q\u00eb synojn\u00eb mbrojtjen e ministrave &hellip;<\/p>\n","protected":false},"author":3,"featured_media":136126,"comment_status":"closed","ping_status":"closed","sticky":false,"template":"","format":"standard","meta":{"footnotes":""},"categories":[37],"tags":[],"class_list":["post-136125","post","type-post","status-publish","format-standard","has-post-thumbnail","","category-politike"],"_links":{"self":[{"href":"https:\/\/rdnews.al\/index.php\/wp-json\/wp\/v2\/posts\/136125","targetHints":{"allow":["GET"]}}],"collection":[{"href":"https:\/\/rdnews.al\/index.php\/wp-json\/wp\/v2\/posts"}],"about":[{"href":"https:\/\/rdnews.al\/index.php\/wp-json\/wp\/v2\/types\/post"}],"author":[{"embeddable":true,"href":"https:\/\/rdnews.al\/index.php\/wp-json\/wp\/v2\/users\/3"}],"replies":[{"embeddable":true,"href":"https:\/\/rdnews.al\/index.php\/wp-json\/wp\/v2\/comments?post=136125"}],"version-history":[{"count":2,"href":"https:\/\/rdnews.al\/index.php\/wp-json\/wp\/v2\/posts\/136125\/revisions"}],"predecessor-version":[{"id":136128,"href":"https:\/\/rdnews.al\/index.php\/wp-json\/wp\/v2\/posts\/136125\/revisions\/136128"}],"wp:featuredmedia":[{"embeddable":true,"href":"https:\/\/rdnews.al\/index.php\/wp-json\/wp\/v2\/media\/136126"}],"wp:attachment":[{"href":"https:\/\/rdnews.al\/index.php\/wp-json\/wp\/v2\/media?parent=136125"}],"wp:term":[{"taxonomy":"category","embeddable":true,"href":"https:\/\/rdnews.al\/index.php\/wp-json\/wp\/v2\/categories?post=136125"},{"taxonomy":"post_tag","embeddable":true,"href":"https:\/\/rdnews.al\/index.php\/wp-json\/wp\/v2\/tags?post=136125"}],"curies":[{"name":"wp","href":"https:\/\/api.w.org\/{rel}","templated":true}]}}